{"id":11062,"date":"2023-03-22T17:57:48","date_gmt":"2023-03-22T20:57:48","guid":{"rendered":"https:\/\/g1.globo.com\/pb\/paraiba\/noticia\/2023\/03\/22\/mais-medicos-maior-desejo-e-voltar-ao-programa-diz-cubana-que-esta-ha-3-anos-sem-exercer-profissao.ghtml"},"modified":"2023-03-22T17:57:48","modified_gmt":"2023-03-22T20:57:48","slug":"mais-medicos-maior-desejo-e-voltar-ao-programa-diz-cubana-que-esta-ha-3-anos-sem-exercer-profissao","status":"publish","type":"post","link":"https:\/\/sindaopcpb.org.br\/index.php\/2023\/03\/22\/mais-medicos-maior-desejo-e-voltar-ao-programa-diz-cubana-que-esta-ha-3-anos-sem-exercer-profissao\/","title":{"rendered":"Mais M\u00e9dicos: &#8216;maior desejo \u00e9 voltar ao programa&#8217;, diz cubana que est\u00e1 h\u00e1 3 anos sem exercer profiss\u00e3o"},"content":{"rendered":"   <img src=\"https:\/\/s2.glbimg.com\/tUqHwsr5_raUOp5nsXydoBLIpUw=\/i.s3.glbimg.com\/v1\/AUTH_59edd422c0c84a879bd37670ae4f538a\/internal_photos\/bs\/2023\/a\/u\/ED3yrMTMAwP5obV56nQw\/luky-gonzalez.jpeg\" \/><br \/>     Luky Gonzalez n\u00e3o pode atuar como m\u00e9dica desde que o Mais M\u00e9dicos foi substitu\u00eddo. Com o relan\u00e7amento, ela espera poder voltar ao programa.  Luky Gonzalez, m\u00e9dica cubana que integrou o programa Mais M\u00e9dicos na Para\u00edba\nLuky Gonzalez\/Arquivo Pessoal\nA cubana Luky Gonzalez veio para a Para\u00edba pelo Mais M\u00e9dicos em 2017. Ela atuava em Cajazeiras, no Sert\u00e3o paraibano, quando precisou encerrar as atividades com a substitui\u00e7\u00e3o do programa pelo ex-presidente Jair Bolsonaro. O relan\u00e7amento do Mais M\u00e9dicos foi anunciado no dia 20 de mar\u00e7o deste ano como uma a\u00e7\u00e3o do governo Lula. Com a retomada, Luky Gonzalez espera poder voltar a exercer a medicina.\n\u201cMeu maior desejo \u00e9 voltar ao programa e ajudar a popula\u00e7\u00e3o e retornar a exercer minha forma\u00e7\u00e3o, mas sou sincera, eu vou acreditar justamente quando o governo for capaz de nos empregar novamente\u201d. \nMais M\u00e9dicos: cubanos que participaram do programa do governo desejam voltar a trabalhar; conhe\u00e7a hist\u00f3rias\nCom o fim do programa, Luky passou a trabalhar como assistente t\u00e9cnica especializada, em um centro de aten\u00e7\u00e3o \u00e0 crian\u00e7a e ao adolescente. Ela contou que ainda n\u00e3o conseguiu fazer o Revalida (Exame Nacional de Revalida\u00e7\u00e3o de Diplomas M\u00e9dicos Expedidos por Institui\u00e7\u00e3o de Educa\u00e7\u00e3o Superior Estrangeira) por quest\u00f5es financeiras e, sem o diploma revalidado, a cubana enfrentou muitas dificuldades para conseguir emprego, mesmo tendo uma especializa\u00e7\u00e3o em sa\u00fade da fam\u00edlia pela Universidade Federal de Campina Grande (UFCG). \n\u201cDurante os \u00faltimos anos, tive dificuldade porque ainda n\u00e3o tenho meu diploma revalidado. Para ter v\u00ednculo empregat\u00edcio, n\u00e3o foi f\u00e1cil, porque muitas pessoas n\u00e3o aceitam a gente trabalhar fazendo outras fun\u00e7\u00f5es\u201d. \nNo per\u00edodo, Luky fez um curso t\u00e9cnico em radiologia. \u201cEu fiz esse curso justamente para n\u00e3o deixar de estudar e porque meu sal\u00e1rio \u00e9 baixo. Eu n\u00e3o tinha como pagar o Revalida, mas estou me organizando para fazer o exame este ano\u201d, declarou.\nM\u00e9dico ficou desempregado \nReinier Delgado ficou no Brasil ap\u00f3s o fim do 'Mais M\u00e9dicos'\nReprodu\u00e7\u00e3o\/Instagram \nReinier Delgado trabalhava em Cajazeiras, no Sert\u00e3o da Para\u00edba, junto com Luky, e tamb\u00e9m ficou desempregado por muito tempo com o fim do Mais M\u00e9dicos.\nO especialista em sa\u00fade da fam\u00edlia desejou permanecer atuando profissionalmente no Brasil, pois conheceu uma brasileira com quem se casou. Ele precisou voltar para Cuba para se desligar como m\u00e9dico no pa\u00eds e, ao retornar ao Brasil, estudou durante tr\u00eas anos para o exame do Revalida. \n\u201cEnfrentei o desemprego durante esse per\u00edodo, vivi com minha esposa na casa dos pais dela e apenas com o sal\u00e1rio que ela ganhava. Desde 2017 que o exame n\u00e3o era realizado, isso conta a quest\u00e3o da demora. Em dezembro de 2021 eu consegui revalidar, s\u00f3 assim pude voltar a exercer a profiss\u00e3o\u201d. \nO que \u00e9 o Mais M\u00e9dicos para o Brasil\nBatizado de Mais M\u00e9dicos para o Brasil, o novo programa dar\u00e1 prioridade para profissionais brasileiros e visa ampliar o n\u00famero de profissionais de sa\u00fade no SUS, principalmente em \u00e1reas mais vulner\u00e1veis. Al\u00e9m disso, s\u00e3o previstos investimentos na constru\u00e7\u00e3o e reformas de Unidades B\u00e1sicas de Sa\u00fade. Neste ano, o governo pretende abrir 15 mil vagas e investir\u00e1 R$ 712 milh\u00f5es.\nAl\u00e9m da bolsa, os profissionais tamb\u00e9m receber\u00e3o benef\u00edcios, ter\u00e3o direito a licen\u00e7a maternidade de at\u00e9 seis meses e paternidade de at\u00e9 20 dias, e poder\u00e3o fazer especializa\u00e7\u00e3o e mestrado durante o tempo que estiverem no programa, que tem dura\u00e7\u00e3o de quatro anos.\nO objetivo \u00e9 conseguir manter os profissionais em regi\u00f5es de dif\u00edcil acesso, j\u00e1 que os dados do Minist\u00e9rio da Sa\u00fade mostram que 41% dos participantes desistem do programa em busca de capacita\u00e7\u00e3o e qualifica\u00e7\u00e3o.\nO programa, que existe h\u00e1 dez anos, foi substitu\u00eddo pelo M\u00e9dicos pelo Brasil durante o governo Jair Bolsonaro (PL). No entanto, a mudan\u00e7a representou um retrocesso, j\u00e1 que o primeiro edital s\u00f3 foi anunciado em 2021 \u2013 dois anos depois, e ap\u00f3s o \u00e1pice da pandemia de Covid.\nV\u00eddeos mais assistidos do g1 Para\u00edba  ","protected":false},"excerpt":{"rendered":"<p>        Luky Gonzalez n\u00e3o pode atuar como m\u00e9dica desde que o Mais M\u00e9dicos foi substitu\u00eddo. Com o relan\u00e7amento, ela espera poder voltar ao programa.  Luky Gonzalez, m\u00e9dica cubana que integrou o programa Mais M\u00e9dicos na Para\u00edba<br \/>\nLuky Gonzalez\/Arquivo Pess&#8230;<\/p>\n","protected":false},"author":2,"featured_media":0,"comment_status":"closed","ping_status":"closed","sticky":false,"template":"","format":"standard","meta":{"advgb_blocks_editor_width":"","advgb_blocks_columns_visual_guide":"","footnotes":""},"categories":[34],"tags":[35],"class_list":["post-11062","post","type-post","status-publish","format-standard","hentry","category-g1","tag-g1"],"author_meta":{"display_name":"g1 &gt; Para\u00edba","author_link":"https:\/\/sindaopcpb.org.br\/author\/g1-paraiba\/"},"featured_img":null,"coauthors":[],"tax_additional":{"categories":{"linked":["<a href=\"https:\/\/sindaopcpb.org.br\/g1\/\" class=\"advgb-post-tax-term\">G1<\/a>"],"unlinked":["<span class=\"advgb-post-tax-term\">G1<\/span>"]},"tags":{"linked":["<a href=\"https:\/\/sindaopcpb.org.br\/g1\/\" class=\"advgb-post-tax-term\">g1<\/a>"],"unlinked":["<span class=\"advgb-post-tax-term\">g1<\/span>"]}},"comment_count":"0","relative_dates":{"created":"Publicado 3 anos atr\u00e1s","modified":"Atualizado 3 anos atr\u00e1s"},"absolute_dates":{"created":"Publicado em 22 de mar\u00e7o de 2023","modified":"Atualizado em 22 de mar\u00e7o de 2023"},"absolute_dates_time":{"created":"Publicado em 22 de mar\u00e7o de 2023 17:57","modified":"Atualizado em 22 de mar\u00e7o de 2023 17:57"},"featured_img_caption":"","series_order":"","_links":{"self":[{"href":"https:\/\/sindaopcpb.org.br\/index.php\/wp-json\/wp\/v2\/posts\/11062","targetHints":{"allow":["GET"]}}],"collection":[{"href":"https:\/\/sindaopcpb.org.br\/index.php\/wp-json\/wp\/v2\/posts"}],"about":[{"href":"https:\/\/sindaopcpb.org.br\/index.php\/wp-json\/wp\/v2\/types\/post"}],"author":[{"embeddable":true,"href":"https:\/\/sindaopcpb.org.br\/index.php\/wp-json\/wp\/v2\/users\/2"}],"replies":[{"embeddable":true,"href":"https:\/\/sindaopcpb.org.br\/index.php\/wp-json\/wp\/v2\/comments?post=11062"}],"version-history":[{"count":1,"href":"https:\/\/sindaopcpb.org.br\/index.php\/wp-json\/wp\/v2\/posts\/11062\/revisions"}],"predecessor-version":[{"id":11063,"href":"https:\/\/sindaopcpb.org.br\/index.php\/wp-json\/wp\/v2\/posts\/11062\/revisions\/11063"}],"wp:attachment":[{"href":"https:\/\/sindaopcpb.org.br\/index.php\/wp-json\/wp\/v2\/media?parent=11062"}],"wp:term":[{"taxonomy":"category","embeddable":true,"href":"https:\/\/sindaopcpb.org.br\/index.php\/wp-json\/wp\/v2\/categories?post=11062"},{"taxonomy":"post_tag","embeddable":true,"href":"https:\/\/sindaopcpb.org.br\/index.php\/wp-json\/wp\/v2\/tags?post=11062"}],"curies":[{"name":"wp","href":"https:\/\/api.w.org\/{rel}","templated":true}]}}