{"id":11046,"date":"2023-03-23T11:26:40","date_gmt":"2023-03-23T14:26:40","guid":{"rendered":"https:\/\/g1.globo.com\/pb\/paraiba\/sao-joao\/2023\/noticia\/2023\/03\/23\/programacao-completa-do-sao-joao-2023-de-patos.ghtml"},"modified":"2023-03-23T11:26:40","modified_gmt":"2023-03-23T14:26:40","slug":"programacao-completa-do-sao-joao-2023-de-patos-e-divulgada-confira-shows","status":"publish","type":"post","link":"https:\/\/sindaopcpb.org.br\/index.php\/2023\/03\/23\/programacao-completa-do-sao-joao-2023-de-patos-e-divulgada-confira-shows\/","title":{"rendered":"Programa\u00e7\u00e3o completa do S\u00e3o Jo\u00e3o 2023 de Patos \u00e9 divulgada; confira shows"},"content":{"rendered":"   <img src=\"https:\/\/s2.glbimg.com\/i7yjthCPEE9yN3fYvxqWGmMkrUE=\/i.s3.glbimg.com\/v1\/AUTH_59edd422c0c84a879bd37670ae4f538a\/internal_photos\/bs\/2023\/A\/8\/AoCIozRbqOhwRstTBrxQ\/04feb23-luan-santana-andre-feltes-12135.jpg\" \/><br \/>     Prefeitura da cidade divulgou programa\u00e7\u00e3o da festa nesta quinta (23). Evento acontece de 19 a 23 de junho, no Terreiro do Forr\u00f3. Luan Santana \u00e9 uma das atra\u00e7\u00f5es confirmadas no S\u00e3o Jo\u00e3o 2023 de Patos\nAndr\u00e9 Feltes\/Ag\u00eancia Preview \nA Prefeitura de Patos, no Sert\u00e3o da Para\u00edba, divulgou nesta quinta-feira (23) a programa\u00e7\u00e3o completa do S\u00e3o Jo\u00e3o 2023. Entre as principais atra\u00e7\u00f5es, est\u00e3o Luan Santana, Jorge e Mateus, Nattanzinho, Mari Fernandez, Alok e Wesley Safad\u00e3o.  A festa acontece de 19 a 23 de junho, no Terreiro do Forr\u00f3, em Patos.\nCompartilhe esta not\u00edcia no Whatsapp\nCompartilhe esta not\u00edcia no Telegram\nO S\u00e3o Jo\u00e3o de Patos \u00e9 um dos mais tradicionais da Para\u00edba. A festa re\u00fane shows no palco principal e tamb\u00e9m em outras \u00e1reas do Terreiro do Forr\u00f3. \nConfira o Guia Qual \u00e9 a Boa\nTerreiro do Forr\u00f3, palco do S\u00e3o Jo\u00e3o de Patos, em 2018\nAlex Costa\/Prefeitura de Patos\nPrograma\u00e7\u00e3o completa do S\u00e3o Jo\u00e3o 2023 de Patos:\n19 de junho (segunda-feira)\nNattanzinho\nMari Fernandez\nRa\u00ed Saia Rodada\n20 de junho (ter\u00e7a-feira)\nXand Avi\u00e3o\nJonas Esticado\nAlok\n21 de junho (quarta-feira)\nWesley Safad\u00e3o\nIguinho e Lulinha\nEric Land\n22 de junho (quinta-feira)\nJorge e Mateus\nFelipe Amorim \nBizay \n23 de junho (sexta-feira)\nLuan Santana\nHenry Freitas\nZ\u00e9 Cantor\nV\u00eddeos mais assistidos do g1 Para\u00edba  ","protected":false},"excerpt":{"rendered":"<p>        Prefeitura da cidade divulgou programa\u00e7\u00e3o da festa nesta quinta (23). Evento acontece de 19 a 23 de junho, no Terreiro do Forr\u00f3. Luan Santana \u00e9 uma das atra\u00e7\u00f5es confirmadas no S\u00e3o Jo\u00e3o 2023 de Patos<br \/>\nAndr\u00e9 Feltes\/Ag\u00eancia Preview<br \/>\nA Prefeitura de&#8230;<\/p>\n","protected":false},"author":2,"featured_media":0,"comment_status":"closed","ping_status":"closed","sticky":false,"template":"","format":"standard","meta":{"advgb_blocks_editor_width":"","advgb_blocks_columns_visual_guide":"","footnotes":""},"categories":[34],"tags":[35],"class_list":["post-11046","post","type-post","status-publish","format-standard","hentry","category-g1","tag-g1"],"author_meta":{"display_name":"g1 &gt; Para\u00edba","author_link":"https:\/\/sindaopcpb.org.br\/author\/g1-paraiba\/"},"featured_img":null,"coauthors":[],"tax_additional":{"categories":{"linked":["<a href=\"https:\/\/sindaopcpb.org.br\/g1\/\" class=\"advgb-post-tax-term\">G1<\/a>"],"unlinked":["<span class=\"advgb-post-tax-term\">G1<\/span>"]},"tags":{"linked":["<a href=\"https:\/\/sindaopcpb.org.br\/g1\/\" class=\"advgb-post-tax-term\">g1<\/a>"],"unlinked":["<span class=\"advgb-post-tax-term\">g1<\/span>"]}},"comment_count":"0","relative_dates":{"created":"Publicado 3 anos atr\u00e1s","modified":"Atualizado 3 anos atr\u00e1s"},"absolute_dates":{"created":"Publicado em 23 de mar\u00e7o de 2023","modified":"Atualizado em 23 de mar\u00e7o de 2023"},"absolute_dates_time":{"created":"Publicado em 23 de mar\u00e7o de 2023 11:26","modified":"Atualizado em 23 de mar\u00e7o de 2023 11:26"},"featured_img_caption":"","series_order":"","_links":{"self":[{"href":"https:\/\/sindaopcpb.org.br\/index.php\/wp-json\/wp\/v2\/posts\/11046","targetHints":{"allow":["GET"]}}],"collection":[{"href":"https:\/\/sindaopcpb.org.br\/index.php\/wp-json\/wp\/v2\/posts"}],"about":[{"href":"https:\/\/sindaopcpb.org.br\/index.php\/wp-json\/wp\/v2\/types\/post"}],"author":[{"embeddable":true,"href":"https:\/\/sindaopcpb.org.br\/index.php\/wp-json\/wp\/v2\/users\/2"}],"replies":[{"embeddable":true,"href":"https:\/\/sindaopcpb.org.br\/index.php\/wp-json\/wp\/v2\/comments?post=11046"}],"version-history":[{"count":1,"href":"https:\/\/sindaopcpb.org.br\/index.php\/wp-json\/wp\/v2\/posts\/11046\/revisions"}],"predecessor-version":[{"id":11047,"href":"https:\/\/sindaopcpb.org.br\/index.php\/wp-json\/wp\/v2\/posts\/11046\/revisions\/11047"}],"wp:attachment":[{"href":"https:\/\/sindaopcpb.org.br\/index.php\/wp-json\/wp\/v2\/media?parent=11046"}],"wp:term":[{"taxonomy":"category","embeddable":true,"href":"https:\/\/sindaopcpb.org.br\/index.php\/wp-json\/wp\/v2\/categories?post=11046"},{"taxonomy":"post_tag","embeddable":true,"href":"https:\/\/sindaopcpb.org.br\/index.php\/wp-json\/wp\/v2\/tags?post=11046"}],"curies":[{"name":"wp","href":"https:\/\/api.w.org\/{rel}","templated":true}]}}