{"id":11030,"date":"2023-03-23T17:01:23","date_gmt":"2023-03-23T20:01:23","guid":{"rendered":"https:\/\/g1.globo.com\/pb\/paraiba\/noticia\/2023\/03\/23\/ufpb-abre-60-vagas-em-curso-gratuito-preparatorio-para-o-enem.ghtml"},"modified":"2023-03-23T17:01:23","modified_gmt":"2023-03-23T20:01:23","slug":"ufpb-abre-60-vagas-em-curso-gratuito-preparatorio-para-o-enem","status":"publish","type":"post","link":"https:\/\/sindaopcpb.org.br\/index.php\/2023\/03\/23\/ufpb-abre-60-vagas-em-curso-gratuito-preparatorio-para-o-enem\/","title":{"rendered":"UFPB abre 60 vagas em curso gratuito preparat\u00f3rio para o Enem"},"content":{"rendered":"   <img src=\"https:\/\/s2.glbimg.com\/Bf-9sltvUgA-HG8jAiNWTpwXYmw=\/i.s3.glbimg.com\/v1\/AUTH_59edd422c0c84a879bd37670ae4f538a\/internal_photos\/bs\/2022\/v\/o\/UOMMfaTsSiKCOQGRBeWw\/dsc-5017.jpg\" \/><br \/>     Oportunidades s\u00e3o destinadas para estudantes da rede p\u00fablica de ensino, que estejam matriculados no 3\u00ba ano do ensino m\u00e9dio ou que j\u00e1 conclu\u00edram os estudos.  ENEM 2022 EM RIBEIR\u00c3O PRETO, SP: Caderno de prova do segundo dia do exame aplicado neste domingo (20)\n\u00c9rico Andrade\/g1\nEst\u00e3o abertas at\u00e9 o pr\u00f3ximo dia 30 de mar\u00e7o as inscri\u00e7\u00f5es para a sele\u00e7\u00e3o de novos alunos para o Educa UFPB, curso preparat\u00f3rio gratuito para o Exame Nacional do Ensino M\u00e9dio (Enem). Ao todo, s\u00e3o oferecidas 60 vagas em Jo\u00e3o Pessoa.\nPara concorrer a uma vaga, \u00e9 necess\u00e1rio que os candidatos tenham cursado pelo menos dois anos do ensino m\u00e9dio em institui\u00e7\u00e3o de ensino p\u00fablica ou como bolsista integral em escola particular, tenha uma renda m\u00e9dia per capita menor que 1,5 sal\u00e1rio m\u00ednimo e disponibilidade das 18h \u00e0s 21h, de segunda a sexta-feira, para assistir \u00e0s aulas. \nCompartilhe esta not\u00edcia pelo Whatsapp\nCompartilhe esta not\u00edcia pelo Telegram\nAs inscri\u00e7\u00f5es devem ser feitas por meio de um formul\u00e1rio online disponibilizado pelo Educa UFPB. \nA sele\u00e7\u00e3o acontecer\u00e1 em duas etapas. A primeira fase ser\u00e1 uma prova objetiva, de portugu\u00eas e matem\u00e1tica, aplicada no dia 1\u00ba de abril, no hor\u00e1rio das 8h \u00e0s 12h, no Centro de Ci\u00eancias M\u00e9dicas da UFPB, no campus de Jo\u00e3o Pessoa. \nFormul\u00e1rio de inscri\u00e7\u00e3o\nEdital da sele\u00e7\u00e3o de estudantes\nSer\u00e3o convocados 90 candidatos para a segunda etapa do processo seletivo, que ser\u00e1 a entrega dos documentos dos estudantes, nos dias 3 e 4 de abril. \nAs aulas acontecer\u00e3o de segunda a sexta-feira, no hor\u00e1rio das 18h \u00e0s 21h, e aos s\u00e1bados, das 8h \u00e0s 15h, no formato h\u00edbrido. Os estudantes ter\u00e3o monitorias e apoio pedag\u00f3gico nas \u00e1reas de l\u00edngua portuguesa, matem\u00e1tica, reda\u00e7\u00e3o, ci\u00eancias humanas e ci\u00eancias da natureza.\nO curso \u00e9 oferecido por estudantes de Medicina da UFPB, sob orienta\u00e7\u00e3o de professores do Departamento de Promo\u00e7\u00e3o da Sa\u00fade do Centro de Ci\u00eancias M\u00e9dicas da institui\u00e7\u00e3o.\nV\u00eddeos mais assistidos do g1 Para\u00edba  ","protected":false},"excerpt":{"rendered":"<p>        Oportunidades s\u00e3o destinadas para estudantes da rede p\u00fablica de ensino, que estejam matriculados no 3\u00ba ano do ensino m\u00e9dio ou que j\u00e1 conclu\u00edram os estudos.  ENEM 2022 EM RIBEIR\u00c3O PRETO, SP: Caderno de prova do segundo dia do exame aplicado nest&#8230;<\/p>\n","protected":false},"author":2,"featured_media":0,"comment_status":"closed","ping_status":"closed","sticky":false,"template":"","format":"standard","meta":{"advgb_blocks_editor_width":"","advgb_blocks_columns_visual_guide":"","footnotes":""},"categories":[34],"tags":[35],"class_list":["post-11030","post","type-post","status-publish","format-standard","hentry","category-g1","tag-g1"],"author_meta":{"display_name":"g1 &gt; Para\u00edba","author_link":"https:\/\/sindaopcpb.org.br\/author\/g1-paraiba\/"},"featured_img":null,"coauthors":[],"tax_additional":{"categories":{"linked":["<a href=\"https:\/\/sindaopcpb.org.br\/g1\/\" class=\"advgb-post-tax-term\">G1<\/a>"],"unlinked":["<span class=\"advgb-post-tax-term\">G1<\/span>"]},"tags":{"linked":["<a href=\"https:\/\/sindaopcpb.org.br\/g1\/\" class=\"advgb-post-tax-term\">g1<\/a>"],"unlinked":["<span class=\"advgb-post-tax-term\">g1<\/span>"]}},"comment_count":"0","relative_dates":{"created":"Publicado 3 anos atr\u00e1s","modified":"Atualizado 3 anos atr\u00e1s"},"absolute_dates":{"created":"Publicado em 23 de mar\u00e7o de 2023","modified":"Atualizado em 23 de mar\u00e7o de 2023"},"absolute_dates_time":{"created":"Publicado em 23 de mar\u00e7o de 2023 17:01","modified":"Atualizado em 23 de mar\u00e7o de 2023 17:01"},"featured_img_caption":"","series_order":"","_links":{"self":[{"href":"https:\/\/sindaopcpb.org.br\/index.php\/wp-json\/wp\/v2\/posts\/11030","targetHints":{"allow":["GET"]}}],"collection":[{"href":"https:\/\/sindaopcpb.org.br\/index.php\/wp-json\/wp\/v2\/posts"}],"about":[{"href":"https:\/\/sindaopcpb.org.br\/index.php\/wp-json\/wp\/v2\/types\/post"}],"author":[{"embeddable":true,"href":"https:\/\/sindaopcpb.org.br\/index.php\/wp-json\/wp\/v2\/users\/2"}],"replies":[{"embeddable":true,"href":"https:\/\/sindaopcpb.org.br\/index.php\/wp-json\/wp\/v2\/comments?post=11030"}],"version-history":[{"count":1,"href":"https:\/\/sindaopcpb.org.br\/index.php\/wp-json\/wp\/v2\/posts\/11030\/revisions"}],"predecessor-version":[{"id":11031,"href":"https:\/\/sindaopcpb.org.br\/index.php\/wp-json\/wp\/v2\/posts\/11030\/revisions\/11031"}],"wp:attachment":[{"href":"https:\/\/sindaopcpb.org.br\/index.php\/wp-json\/wp\/v2\/media?parent=11030"}],"wp:term":[{"taxonomy":"category","embeddable":true,"href":"https:\/\/sindaopcpb.org.br\/index.php\/wp-json\/wp\/v2\/categories?post=11030"},{"taxonomy":"post_tag","embeddable":true,"href":"https:\/\/sindaopcpb.org.br\/index.php\/wp-json\/wp\/v2\/tags?post=11030"}],"curies":[{"name":"wp","href":"https:\/\/api.w.org\/{rel}","templated":true}]}}