{"id":11026,"date":"2023-03-23T17:26:50","date_gmt":"2023-03-23T20:26:50","guid":{"rendered":"https:\/\/g1.globo.com\/pb\/paraiba\/noticia\/2023\/03\/23\/saiba-onde-se-vacinar-contra-a-covid-19-em-joao-pessoa-nesta-sexta-feira-24.ghtml"},"modified":"2023-03-23T17:26:50","modified_gmt":"2023-03-23T20:26:50","slug":"saiba-onde-se-vacinar-contra-a-covid-19-em-joao-pessoa-nesta-sexta-feira-24-2","status":"publish","type":"post","link":"https:\/\/sindaopcpb.org.br\/index.php\/2023\/03\/23\/saiba-onde-se-vacinar-contra-a-covid-19-em-joao-pessoa-nesta-sexta-feira-24-2\/","title":{"rendered":"Saiba onde se vacinar contra a Covid-19 em Jo\u00e3o Pessoa nesta sexta-feira (24)"},"content":{"rendered":"   <img src=\"https:\/\/s2.glbimg.com\/vEyNZy5-X1nrkuG7ng-N80MFFUQ=\/i.s3.glbimg.com\/v1\/AUTH_59edd422c0c84a879bd37670ae4f538a\/internal_photos\/bs\/2021\/s\/u\/avl6QWQWy7Huu15tUedQ\/vacinacao-idosos-foto-kleide-teixeira-03.jpg\" \/><br \/>     Vacina Bivalente \u00e9 ofertada apenas para grupos priorit\u00e1rios. Vacina\u00e7\u00e3o contra a Covid-19 em drive thru, em Jo\u00e3o Pessoa\nKleide Teixeira\/Secom-JP\nO munic\u00edpio de Jo\u00e3o Pessoa segue vacinando todos os p\u00fablicos a partir dos 6 meses contra a Covid-19, nesta sexta-feira (24). A vacina bivalente \u00e9 ofertada apenas para grupos priorit\u00e1rios: pessoas imunocomprometidas e pessoas com defici\u00eancia permanente acima de 12 anos, idosos acima de 60 anos de idade, gestantes, pu\u00e9rperas (mulheres at\u00e9 45 dias ap\u00f3s o parto), comunidades quilombolas e trabalhadores da sa\u00fade.\nPara as pessoas com defici\u00eancia, o Instituto dos Cegos da Para\u00edba Adalgisa Cunha, Instituto Helena Holanda e Funda\u00e7\u00e3o Centro Integrado de Apoio \u00e0 Pessoa com Defici\u00eancia (Funad) s\u00e3o pontos extras de vacina\u00e7\u00e3o, das 8h \u00e0s 12h.\nOs imunizantes monovalentes contra a Covid-19 continuam dispon\u00edveis para o p\u00fablico a partir dos seis meses, sem a necessidade de agendamento, das 7h \u00e0s 22h.\nPessoa com defici\u00eancia\nConsidera-se pessoa com defici\u00eancia aquela que tem impedimento de longo prazo de natureza f\u00edsica, mental, intelectual ou sensorial, o qual em intera\u00e7\u00e3o com uma ou mais barreiras pode obstruir sua participa\u00e7\u00e3o plena e efetiva na sociedade em igualdade de condi\u00e7\u00f5es as demais pessoas. Este grupo inclui pessoas com limita\u00e7\u00e3o motora ou que cause grande dificuldade ou incapacidade para andar ou subir escadas; Indiv\u00edduos com grande dificuldade ou incapacidade de ouvir mesmo com uso de aparelho auditivo; Indiv\u00edduos com grande dificuldade ou incapacidade de enxergar; Indiv\u00edduos com alguma defici\u00eancia intelectual permanente que limite suas atividades habituais, como trabalhar, brincar, ir \u00e0 escola, entre outros.\nTrabalhador de sa\u00fade\nS\u00e3o considerados trabalhadores de sa\u00fade a serem vacinados: os indiv\u00edduos que atuam em estabelecimentos de assist\u00eancia, vigil\u00e2ncia \u00e0 sa\u00fade, regula\u00e7\u00e3o e gest\u00e3o de sa\u00fade, ou seja, que atuam em estabelecimentos de servi\u00e7os de sa\u00fade, a exemplo de hospitais, cl\u00ednicas, ambulat\u00f3rios, unidades b\u00e1sicas de sa\u00fade, laborat\u00f3rios, farm\u00e1cias, drogarias e outros locais.\nEntre eles, est\u00e3o os profissionais de sa\u00fade, agentes comunit\u00e1rios de sa\u00fade, agentes de combate \u00e0s endemias, profissionais da vigil\u00e2ncia em sa\u00fade e os trabalhadores de apoio (recepcionistas, seguran\u00e7as, trabalhadores da limpeza, cozinheiros e auxiliares, motoristas de ambul\u00e2ncia, gestores e outros). Est\u00e3o inclu\u00eddos, ainda, os profissionais que atuam em cuidados domiciliares (programas ou servi\u00e7os de atendimento domiciliar, cuidadores de idosos, doulas e parteiras), estagi\u00e1rios ou residentes das profiss\u00f5es das \u00e1reas de sa\u00fade que est\u00e3o atuando nos servi\u00e7os de sa\u00fade, bem como o familiar diretamente respons\u00e1vel pelo cuidado de indiv\u00edduo gravemente enfermo ou com defici\u00eancia permanente que impossibilite o autocuidado.\nVacina\u00e7\u00e3o domiciliar\nPara os idosos 60+ acamados, restritos aos leitos assistidos pela Aten\u00e7\u00e3o B\u00e1sica ou do Servi\u00e7o de Aten\u00e7\u00e3o Domiciliar (SAD) da Prefeitura de Jo\u00e3o Pessoa, podem realizar o agendamento pelo Disque Vacina pelo (83) 98645-7727, de segunda a sexta-feira, para serem imunizados em casa.\nDocumenta\u00e7\u00e3o\nNo momento da vacina\u00e7\u00e3o, \u00e9 necess\u00e1rio apresentar um documento oficial e cart\u00e3o de vacina que comprovem outras doses dos imunizantes que previnem contra Covid-19 e Cart\u00e3o do SUS. No caso de pessoas imunocomprometidas, h\u00e1 a necessidade de apresenta\u00e7\u00e3o do laudo ou declara\u00e7\u00e3o m\u00e9dica.\nJ\u00e1 os trabalhadores de sa\u00fade precisam apresentar c\u00f3pia de documento que comprove v\u00ednculo ativo como trabalhador de sa\u00fade, que ficar\u00e1 retida no local. S\u00e3o eles: carteira do conselho profissional ou contracheque. No caso de estudantes que estagiam em servi\u00e7o de sa\u00fade, devem apresentar declara\u00e7\u00e3o da institui\u00e7\u00e3o de ensino e do servi\u00e7o onde atuam.\nLocais para vacina\u00e7\u00e3o em Jo\u00e3o Pessoa nesta sexta-feira (24):\nCrian\u00e7as a partir dos seis meses a 2 anos (sem agendamento)\n1\u00aa dose: Pfizer-BioNTech baby\n2\u00aa dose: Pfizer-BioNTech baby (28 dias)\nSalas de vacinas nas USFs \u2013 7h \u00e0s 11h e das 12h \u00e0s 16h (Exceto as USFs de Ilha do Bispo, Alto do C\u00e9u II, Mandacaru VIII, Jardim Planalto, Rosa de F\u00e1tima, Cruz das Armas IV, Jardim Sa\u00fade e Vieira Diniz)\nPolicl\u00ednicas Municipais \u2013 8h \u00e0s 16h\nCentro Municipal de Imuniza\u00e7\u00e3o \u2013 8h \u00e0s 16h\nMangabeira Shopping \u2013 13h \u00e0s 22h \u2013 (apenas acesso pedestre)\nCrian\u00e7as de 3 e 4 anos (sem agendamento)\n1\u00aa dose: Pfizer-BioNTech baby\n2\u00aa dose: Pfizer-BioNTech baby (28 dias)\n3\u00aa dose: Pfizer-BioNTech baby (120 dias)\nSalas de vacinas nas USFs \u2013 7h \u00e0s 11h e das 12h \u00e0s 16h (Exceto as USFs de Ilha do Bispo, Alto do C\u00e9u II, Mandacaru VIII, Jardim Planalto, Rosa de F\u00e1tima, Cruz das Armas IV, Jardim Sa\u00fade e Vieira Diniz)\nPolicl\u00ednicas Municipais \u2013 8h \u00e0s 16h\nCentro Municipal de Imuniza\u00e7\u00e3o \u2013 8h \u00e0s 16h\nMangabeira Shopping \u2013 13h \u00e0s 22h \u2013 (apenas acesso pedestre)\nCrian\u00e7as a partir dos 5 a 11 anos (sem agendamento)\n1\u00aa dose: Pfizer pedi\u00e1trica\n2\u00aa dose: Pfizer pedi\u00e1trica (56 dias)\n3\u00aa dose: Pfizer pedi\u00e1trica (120 dias)\nSalas de vacinas nas USFs \u2013 7h \u00e0s 11h e das 12h \u00e0s 16h (Exceto as USFs de Ilha do Bispo, Alto do C\u00e9u II, Mandacaru VIII, Jardim Planalto, Rosa de F\u00e1tima, Cruz das Armas IV, Jardim Sa\u00fade e Vieira Diniz)\nPolicl\u00ednicas Municipais \u2013 8h \u00e0s 16h\nCentro Municipal de Imuniza\u00e7\u00e3o \u2013 8h \u00e0s 16h\nMangabeira Shopping \u2013 13h \u00e0s 22h \u2013 (apenas acesso pedestre)\nA partir de 12 anos (sem agendamento)\n1\u00aa dose: 12+\n2\u00aa dose: Janssen, Astrazeneca (60 dias) e Pfizer (60 dias)\n3\u00aa dose: 12+ (ap\u00f3s 120 dias da 2\u00aa dose); imunossuprimidos (ap\u00f3s 28 dias da 2\u00aa dose); e trabalhadores de sa\u00fade (ap\u00f3s 120 dias da 2\u00aa dose)\n4\u00aa dose: 30+ (ap\u00f3s 120 dias da 3\u00aa dose); trabalhadores de sa\u00fade (ap\u00f3s 120 dias da 2\u00aa dose); imunossuprimidos (ap\u00f3s 120 dias da 3\u00aa dose)\nSalas de vacinas nas USFs \u2013 7h \u00e0s 11h e das 12h \u00e0s 16h (Exceto as USFs de Ilha do Bispo, Alto do C\u00e9u II, Mandacaru VIII, Jardim Planalto, Rosa de F\u00e1tima, Cruz das Armas IV, Jardim Sa\u00fade e Vieira Diniz)\nCentro Municipal de Imuniza\u00e7\u00e3o \u2013 8h \u00e0s 16h\nMangabeira Shopping (pedestres e drive-thru) \u2013 13h \u00e0s 22h\nIdosos acima de 60 anos, pessoas com defici\u00eancia e imunocomprometidas acima de 12 anos, gestantes e pu\u00e9rperas \u2013 at\u00e9 45 dias ap\u00f3s o parto e trabalhadores da sa\u00fade (sem agendamento)\n1\u00aa dose: Dose \u00fanica \u2013 Imunizante Pfizer Bivalente\nFerreira Costa \u2013 Aeroclube \u2013 8h \u00e0s 16h \u2013 pedestre\nMangabeira Shopping \u2013 13h \u00e0s 22h \u2013 drive e pedestre\nShopping Liv Mall \u2013 Jardim Oceania \u2013 10h \u00e0s 16h\nShopping Tambi\u00e1 \u2013 10h \u00e0s 16h\nPolicl\u00ednicas Municipais \u2013 8h \u00e0s 16h\nCentro Municipal de Imuniza\u00e7\u00e3o \u2013 8h \u00e0s 16h\nUnidades de Sa\u00fade da Fam\u00edlia \u2013 8h \u00e0s 11h e das 12h \u00e0s 16h:\n\u2013 USF Integrada Cruz das Armas (Distrito Sanit\u00e1rio I)\n\u2013 USF Integrando Vidas (Distrito Sanit\u00e1rio II)\n\u2013 USF Ipiranga (Distrito Sanit\u00e1rio III)\n\u2013 USF Viver Bem (Distrito Sanit\u00e1rio IV)\n\u2013 USF Banc\u00e1rios Integrada (Distrito Sanit\u00e1rio V)\nUSF S\u00e3o Jos\u00e9 \u2013 16h \u00e0s 20h\nPara pessoas com defici\u00eancia a partir de 12 anos \u2013 das 8h \u00e0s 12h\nInstituto dos Cegos da Para\u00edba Adalgisa Cunha\nCentro Helena Holanda\nFunda\u00e7\u00e3o Centro Integrado de Apoio \u00e0 Pessoa com Defici\u00eancia (Funad)\nPara pessoas imunocomprometidas a partir de 12 anos de idade\n24 e 27.03 \u2013 Amip Hospital Infantil \u2013 9h \u00e0s 16h\n28 e 29.03 \u2013 Hospital S\u00e3o Vicente de Paulo \u2013 9h \u00e0s 16h\n30 e 31.03 \u2013 Unirim Servi\u00e7os de Nefrologia \u2013 9h \u00e0s 16h\n30 e 31.03 \u2013 Nefruza Servi\u00e7os Nefrol\u00f3gicos \u2013 9h \u00e0s 16h\nVacina\u00e7\u00e3o Domiciliar\nIdosos acima de 60 anos, com comorbidades e acamados\nAgendamento: (83) 98645-7727\nHor\u00e1rio: 8h \u00e0s 16h (de segunda a sexta-feira)\nV\u00eddeos mais assistidos do g1 Para\u00edba  ","protected":false},"excerpt":{"rendered":"<p>        Vacina Bivalente \u00e9 ofertada apenas para grupos priorit\u00e1rios. Vacina\u00e7\u00e3o contra a Covid-19 em drive thru, em Jo\u00e3o Pessoa<br \/>\nKleide Teixeira\/Secom-JP<br \/>\nO munic\u00edpio de Jo\u00e3o Pessoa segue vacinando todos os p\u00fablicos a partir dos 6 meses contra a Covid-19,&#8230;<\/p>\n","protected":false},"author":2,"featured_media":0,"comment_status":"closed","ping_status":"closed","sticky":false,"template":"","format":"standard","meta":{"advgb_blocks_editor_width":"","advgb_blocks_columns_visual_guide":"","footnotes":""},"categories":[34],"tags":[35],"class_list":["post-11026","post","type-post","status-publish","format-standard","hentry","category-g1","tag-g1"],"author_meta":{"display_name":"g1 &gt; Para\u00edba","author_link":"https:\/\/sindaopcpb.org.br\/author\/g1-paraiba\/"},"featured_img":null,"coauthors":[],"tax_additional":{"categories":{"linked":["<a href=\"https:\/\/sindaopcpb.org.br\/g1\/\" class=\"advgb-post-tax-term\">G1<\/a>"],"unlinked":["<span class=\"advgb-post-tax-term\">G1<\/span>"]},"tags":{"linked":["<a href=\"https:\/\/sindaopcpb.org.br\/g1\/\" class=\"advgb-post-tax-term\">g1<\/a>"],"unlinked":["<span class=\"advgb-post-tax-term\">g1<\/span>"]}},"comment_count":"0","relative_dates":{"created":"Publicado 3 anos atr\u00e1s","modified":"Atualizado 3 anos atr\u00e1s"},"absolute_dates":{"created":"Publicado em 23 de mar\u00e7o de 2023","modified":"Atualizado em 23 de mar\u00e7o de 2023"},"absolute_dates_time":{"created":"Publicado em 23 de mar\u00e7o de 2023 17:26","modified":"Atualizado em 23 de mar\u00e7o de 2023 17:26"},"featured_img_caption":"","series_order":"","_links":{"self":[{"href":"https:\/\/sindaopcpb.org.br\/index.php\/wp-json\/wp\/v2\/posts\/11026","targetHints":{"allow":["GET"]}}],"collection":[{"href":"https:\/\/sindaopcpb.org.br\/index.php\/wp-json\/wp\/v2\/posts"}],"about":[{"href":"https:\/\/sindaopcpb.org.br\/index.php\/wp-json\/wp\/v2\/types\/post"}],"author":[{"embeddable":true,"href":"https:\/\/sindaopcpb.org.br\/index.php\/wp-json\/wp\/v2\/users\/2"}],"replies":[{"embeddable":true,"href":"https:\/\/sindaopcpb.org.br\/index.php\/wp-json\/wp\/v2\/comments?post=11026"}],"version-history":[{"count":1,"href":"https:\/\/sindaopcpb.org.br\/index.php\/wp-json\/wp\/v2\/posts\/11026\/revisions"}],"predecessor-version":[{"id":11027,"href":"https:\/\/sindaopcpb.org.br\/index.php\/wp-json\/wp\/v2\/posts\/11026\/revisions\/11027"}],"wp:attachment":[{"href":"https:\/\/sindaopcpb.org.br\/index.php\/wp-json\/wp\/v2\/media?parent=11026"}],"wp:term":[{"taxonomy":"category","embeddable":true,"href":"https:\/\/sindaopcpb.org.br\/index.php\/wp-json\/wp\/v2\/categories?post=11026"},{"taxonomy":"post_tag","embeddable":true,"href":"https:\/\/sindaopcpb.org.br\/index.php\/wp-json\/wp\/v2\/tags?post=11026"}],"curies":[{"name":"wp","href":"https:\/\/api.w.org\/{rel}","templated":true}]}}