{"id":11014,"date":"2023-03-24T08:46:26","date_gmt":"2023-03-24T11:46:26","guid":{"rendered":"https:\/\/g1.globo.com\/pb\/paraiba\/noticia\/2023\/03\/24\/suspeito-de-abusar-de-adolescente-autista-em-joao-pessoa-cuidava-da-vitima-e-conhecia-familia-ha-mais-de-10-anos.ghtml"},"modified":"2023-03-24T08:46:26","modified_gmt":"2023-03-24T11:46:26","slug":"suspeito-de-abusar-de-adolescente-autista-em-joao-pessoa-cuidava-da-vitima-e-conhecia-familia-ha-mais-de-10-anos","status":"publish","type":"post","link":"https:\/\/sindaopcpb.org.br\/index.php\/2023\/03\/24\/suspeito-de-abusar-de-adolescente-autista-em-joao-pessoa-cuidava-da-vitima-e-conhecia-familia-ha-mais-de-10-anos\/","title":{"rendered":"Suspeito de abusar de adolescente autista em Jo\u00e3o Pessoa \u2018cuidava\u2019 da v\u00edtima, e conhecia fam\u00edlia h\u00e1 mais de 10 anos"},"content":{"rendered":"   <img src=\"https:\/\/s2.glbimg.com\/E_EHv2qVQzUOzGmMl6RAsZbYDjo=\/i.s3.glbimg.com\/v1\/AUTH_59edd422c0c84a879bd37670ae4f538a\/internal_photos\/bs\/2023\/o\/7\/25wy7yTSSByssqd5EVIQ\/whatsapp-image-2023-03-13-at-07.45.08.jpeg\" \/><br \/>     Pais do adolescente contaram, em entrevista \u00e0 TV Cabo Branco, que o filho ficava com o suspeito enquanto eles estavam na universidade, e que o jovem era \u2018quase algu\u00e9m da fam\u00edlia\u2019.\n Central de Pol\u00edcia de Jo\u00e3o Pessoa\nDivulga\u00e7\u00e3o\/Pol\u00edcia Civil da Para\u00edba\nO jovem de 23 anos que foi preso suspeito de abusar sexualmente de um adolescente com transtorno do espectro autista (TEA), em Jo\u00e3o Pessoa, era conhecido da fam\u00edlia h\u00e1 mais de uma d\u00e9cada, segundo informaram os pais da v\u00edtima, em entrevista \u00e0 TV Cabo Branco, nesta sexta-feira (24). De acordo com o pai do adolescente, o suspeito ficava \u201ccuidando\u201d da v\u00edtima, no turno da noite, enquanto os pais estavam na faculdade, e era tratado quase como \u201calgu\u00e9m da fam\u00edlia\u201d.\nO crime foi descoberto pelo pai do adolescente, de 14 anos, ap\u00f3s voltar para casa e perceber um corte no rosto do suspeito. \u201cEu j\u00e1 tinha percebido alguns sinais importantes que meu filho dava, de que algo estava errado. Quando a gente sa\u00eda para a faculdade, ele corria do sof\u00e1 e se cobria dos p\u00e9s \u00e0 cabe\u00e7a, algo que ele n\u00e3o fazia. No dia em que eu notei o corte, quando chegamos da universidade, percebemos que a linguagem corporal do suspeito estava alterada\u201d, contou o pai. \nSegundo o homem, que preside uma associa\u00e7\u00e3o de pais de pessoas autistas junto \u00e0 m\u00e3e do adolescente, no dia seguinte ao fato do corte, ele perguntou ao suspeito como ele havia se machucado, e ele ficou nervoso e disse que tudo aconteceu durante uma brincadeira com a crian\u00e7a, em um c\u00f4modo da casa.\n\u201cEu disse a ele que quando voltasse ia ver as imagens das c\u00e2meras do quarto, que foi o local onde ele passou 25 minutos com meu filho. Quando chegamos em casa ap\u00f3s a faculdade, ele foi embora para casa muito nervoso e em cerca de uma hora, apagou todas as redes sociais. Neste mesmo dia n\u00f3s levamos meu filho para o hospital e fizemos um boletim de ocorr\u00eancia\u201d, contou o pai da v\u00edtima.\nA informa\u00e7\u00e3o da pris\u00e3o foi confirmada na quinta-feira (23), pela delegada Joana D'arc, titular da Delegacia de Crimes Contra a Inf\u00e2ncia e Juventude de Jo\u00e3o Pessoa. Ao g1, ela informou que o suspeito morava no mesmo pr\u00e9dio da fam\u00edlia e costumava ir \u00e0 casa deles brincar com o adolescente. O suspeito foi encaminhado para o pres\u00eddio do R\u00f3ger, em Jo\u00e3o Pessoa.\nPraticamente da fam\u00edlia\nDe acordo com o pai da v\u00edtima, a fam\u00edlia conhece o suspeito h\u00e1 mais de 10 anos, e que ele era tratado como algu\u00e9m da fam\u00edlia. \u201cEra amigo do nosso filho, a gente sempre o tratou muito bem, passava o Carnaval na nossa casa, viajava junto, era algu\u00e9m de total confian\u00e7a\u201d, disse. \nOs pais da v\u00edtima est\u00e3o cursando psicologia, no per\u00edodo noturno, desde o segundo semestre de 2022. Para estudar, eles precisavam de uma pessoa para cuidar do filho, no hor\u00e1rio das 18h \u00e0s 22h, e o suspeito, que \u00e9 estudante de biomedicina, ficou respons\u00e1vel por essa tarefa. \n\u201cAt\u00e9 ent\u00e3o n\u00e3o havia nenhum tipo de vest\u00edgio de que ele seria capaz de fazer isso, s\u00f3 agora que notamos e ainda bem que conseguimos perceber cedo. Isso foi muito cruel, porque foi mais um caso onde o abuso aconteceu dentro de casa, por algu\u00e9m que era tido como de confian\u00e7a. Infelizmente isso \u00e9 muito comum. S\u00e3o muitos os casos em que os suspeitos s\u00e3o os av\u00f3s, tios, pais, vizinhos. Algu\u00e9m no nosso c\u00edrculo de amizade, no nosso c\u00edrculo familiar\u201d, contou a m\u00e3e da v\u00edtima. \nA mulher explicou ainda que as fam\u00edlias precisam ficar atentas aos filhos, para perceberem os sinais de que algo est\u00e1 errado. \n\u201cSe as crian\u00e7as t\u00edpicas est\u00e3o sofrendo abusos dentro de casa, imaginem as at\u00edpicas, as neurot\u00edpicas, as n\u00e3o verbais? N\u00f3s conseguimos perceber pois ficamos sempre atentos, eu olho o corpo do meu filho, meu esposo olha as c\u00e2meras de seguran\u00e7a. Mesmo a gente acompanhando tudo, ainda aconteceu, mas e nos casos em que as pessoas n\u00e3o t\u00eam esses recursos?\u201d, completou.\nV\u00eddeos mais assistidos da Para\u00edba  ","protected":false},"excerpt":{"rendered":"<p>        Pais do adolescente contaram, em entrevista \u00e0 TV Cabo Branco, que o filho ficava com o suspeito enquanto eles estavam na universidade, e que o jovem era \u2018quase algu\u00e9m da fam\u00edlia\u2019.<br \/>\n Central de Pol\u00edcia de Jo\u00e3o Pessoa<br \/>\nDivulga\u00e7\u00e3o\/Pol\u00edcia Civil da P&#8230;<\/p>\n","protected":false},"author":2,"featured_media":0,"comment_status":"closed","ping_status":"closed","sticky":false,"template":"","format":"standard","meta":{"advgb_blocks_editor_width":"","advgb_blocks_columns_visual_guide":"","footnotes":""},"categories":[34],"tags":[35],"class_list":["post-11014","post","type-post","status-publish","format-standard","hentry","category-g1","tag-g1"],"author_meta":{"display_name":"g1 &gt; Para\u00edba","author_link":"https:\/\/sindaopcpb.org.br\/author\/g1-paraiba\/"},"featured_img":null,"coauthors":[],"tax_additional":{"categories":{"linked":["<a href=\"https:\/\/sindaopcpb.org.br\/g1\/\" class=\"advgb-post-tax-term\">G1<\/a>"],"unlinked":["<span class=\"advgb-post-tax-term\">G1<\/span>"]},"tags":{"linked":["<a href=\"https:\/\/sindaopcpb.org.br\/g1\/\" class=\"advgb-post-tax-term\">g1<\/a>"],"unlinked":["<span class=\"advgb-post-tax-term\">g1<\/span>"]}},"comment_count":"0","relative_dates":{"created":"Publicado 3 anos atr\u00e1s","modified":"Atualizado 3 anos atr\u00e1s"},"absolute_dates":{"created":"Publicado em 24 de mar\u00e7o de 2023","modified":"Atualizado em 24 de mar\u00e7o de 2023"},"absolute_dates_time":{"created":"Publicado em 24 de mar\u00e7o de 2023 08:46","modified":"Atualizado em 24 de mar\u00e7o de 2023 08:46"},"featured_img_caption":"","series_order":"","_links":{"self":[{"href":"https:\/\/sindaopcpb.org.br\/index.php\/wp-json\/wp\/v2\/posts\/11014","targetHints":{"allow":["GET"]}}],"collection":[{"href":"https:\/\/sindaopcpb.org.br\/index.php\/wp-json\/wp\/v2\/posts"}],"about":[{"href":"https:\/\/sindaopcpb.org.br\/index.php\/wp-json\/wp\/v2\/types\/post"}],"author":[{"embeddable":true,"href":"https:\/\/sindaopcpb.org.br\/index.php\/wp-json\/wp\/v2\/users\/2"}],"replies":[{"embeddable":true,"href":"https:\/\/sindaopcpb.org.br\/index.php\/wp-json\/wp\/v2\/comments?post=11014"}],"version-history":[{"count":1,"href":"https:\/\/sindaopcpb.org.br\/index.php\/wp-json\/wp\/v2\/posts\/11014\/revisions"}],"predecessor-version":[{"id":11015,"href":"https:\/\/sindaopcpb.org.br\/index.php\/wp-json\/wp\/v2\/posts\/11014\/revisions\/11015"}],"wp:attachment":[{"href":"https:\/\/sindaopcpb.org.br\/index.php\/wp-json\/wp\/v2\/media?parent=11014"}],"wp:term":[{"taxonomy":"category","embeddable":true,"href":"https:\/\/sindaopcpb.org.br\/index.php\/wp-json\/wp\/v2\/categories?post=11014"},{"taxonomy":"post_tag","embeddable":true,"href":"https:\/\/sindaopcpb.org.br\/index.php\/wp-json\/wp\/v2\/tags?post=11014"}],"curies":[{"name":"wp","href":"https:\/\/api.w.org\/{rel}","templated":true}]}}