{"id":11006,"date":"2023-03-15T17:38:39","date_gmt":"2023-03-15T20:38:39","guid":{"rendered":"https:\/\/g1.globo.com\/pb\/paraiba\/noticia\/2023\/03\/15\/estudantes-fazem-mobilizacao-contra-o-novo-ensino-medio-em-joao-pessoa.ghtml"},"modified":"2023-03-15T17:38:39","modified_gmt":"2023-03-15T20:38:39","slug":"estudantes-fazem-mobilizacao-contra-o-novo-ensino-medio-em-joao-pessoa","status":"publish","type":"post","link":"https:\/\/sindaopcpb.org.br\/index.php\/2023\/03\/15\/estudantes-fazem-mobilizacao-contra-o-novo-ensino-medio-em-joao-pessoa\/","title":{"rendered":"Estudantes fazem mobiliza\u00e7\u00e3o contra o novo ensino m\u00e9dio, em Jo\u00e3o Pessoa"},"content":{"rendered":"   <img src=\"https:\/\/s2.glbimg.com\/wX1QyIKFVo00IjJMyrlVp1pn4M8=\/s.glbimg.com\/jo\/g1\/f\/original\/2016\/08\/04\/lyceu.jpg\" \/><br \/>     Concentra\u00e7\u00e3o da mobiliza\u00e7\u00e3o aconteceu em frente ao IFPB Campus Jo\u00e3o Pessoa e estudantes seguiram para o Lyceu Paraibano. Mobiliza\u00e7\u00e3o aconteceu em frente ao Lyceu Paraibano\nKrystine Carneiro\/G1\nAlguns estudantes e movimentos estudantis se mobilizaram, na tarde desta quarta-feira (15), pela revoga\u00e7\u00e3o do novo ensino m\u00e9dio, em Jo\u00e3o Pessoa. A concentra\u00e7\u00e3o da mobiliza\u00e7\u00e3o aconteceu \u00e0s 15h, em frente ao Instituto Federal da Para\u00edba (IFPB) e, \u00e0s 15h, os estudantes sa\u00edram em dire\u00e7\u00e3o ao Lyceu Paraibano, no Centro da capital.\nOs estudantes carregavam bandeiras e cartazes com frases contra a reforma do ensino m\u00e9dio e pedindo a volta de disciplinas como sociologia e filosofia.\nA Superintend\u00eancia Executiva de Mobilidade Urbana de Jo\u00e3o Pessoa (Semob-JP) registrou tr\u00e2nsito intenso pr\u00f3ximo ao Lyceu Paraibano, na tarde desta quarta-feira por causa da mobiliza\u00e7\u00e3o. A Semob-JP informou, ainda, que agentes de mobilidade estiveram presentes no local.\nAs vias foram liberadas e o protesto finalizado por volta das 17h, conforme a Semob-JP.\nNovo ensino m\u00e9dio na Para\u00edba\nEntenda o que \u00e9 o novo ensino m\u00e9dio\nNo novo modelo de aprendizagem, em escolas p\u00fablicas e particulares, os estudantes podem escolher priorizar conte\u00fados. A Base Curricular do Ensino M\u00e9dio n\u00e3o ter\u00e1 mais disciplinas individuais mas ser\u00e1 composta pelas seguintes \u00e1reas de conhecimento:\nLinguagens e suas tecnologias;\nMatem\u00e1tica e suas tecnologias;\nCi\u00eancias da natureza e suas tecnologias;\nCi\u00eancias humanas e sociais aplicadas.\nA carga hor\u00e1ria total do ensino m\u00e9dio passa de 2,4 mil para 3 mil horas, dividida com linguagens e matem\u00e1tica, que continuam obrigat\u00f3rias nos tr\u00eas anos do ensino m\u00e9dio, e com os \"itiner\u00e1rios formativos\", compostos pelos conte\u00fados optativos de cada estudante.\nV\u00eddeos mais assistidos do g1 Para\u00edba  ","protected":false},"excerpt":{"rendered":"<p>        Concentra\u00e7\u00e3o da mobiliza\u00e7\u00e3o aconteceu em frente ao IFPB Campus Jo\u00e3o Pessoa e estudantes seguiram para o Lyceu Paraibano. Mobiliza\u00e7\u00e3o aconteceu em frente ao Lyceu Paraibano<br \/>\nKrystine Carneiro\/G1<br \/>\nAlguns estudantes e movimentos estudantis se mobili&#8230;<\/p>\n","protected":false},"author":2,"featured_media":0,"comment_status":"closed","ping_status":"closed","sticky":false,"template":"","format":"standard","meta":{"advgb_blocks_editor_width":"","advgb_blocks_columns_visual_guide":"","footnotes":""},"categories":[34],"tags":[35],"class_list":["post-11006","post","type-post","status-publish","format-standard","hentry","category-g1","tag-g1"],"author_meta":{"display_name":"g1 &gt; Para\u00edba","author_link":"https:\/\/sindaopcpb.org.br\/author\/g1-paraiba\/"},"featured_img":null,"coauthors":[],"tax_additional":{"categories":{"linked":["<a href=\"https:\/\/sindaopcpb.org.br\/g1\/\" class=\"advgb-post-tax-term\">G1<\/a>"],"unlinked":["<span class=\"advgb-post-tax-term\">G1<\/span>"]},"tags":{"linked":["<a href=\"https:\/\/sindaopcpb.org.br\/g1\/\" class=\"advgb-post-tax-term\">g1<\/a>"],"unlinked":["<span class=\"advgb-post-tax-term\">g1<\/span>"]}},"comment_count":"0","relative_dates":{"created":"Publicado 3 anos atr\u00e1s","modified":"Atualizado 3 anos atr\u00e1s"},"absolute_dates":{"created":"Publicado em 15 de mar\u00e7o de 2023","modified":"Atualizado em 15 de mar\u00e7o de 2023"},"absolute_dates_time":{"created":"Publicado em 15 de mar\u00e7o de 2023 17:38","modified":"Atualizado em 15 de mar\u00e7o de 2023 17:38"},"featured_img_caption":"","series_order":"","_links":{"self":[{"href":"https:\/\/sindaopcpb.org.br\/index.php\/wp-json\/wp\/v2\/posts\/11006","targetHints":{"allow":["GET"]}}],"collection":[{"href":"https:\/\/sindaopcpb.org.br\/index.php\/wp-json\/wp\/v2\/posts"}],"about":[{"href":"https:\/\/sindaopcpb.org.br\/index.php\/wp-json\/wp\/v2\/types\/post"}],"author":[{"embeddable":true,"href":"https:\/\/sindaopcpb.org.br\/index.php\/wp-json\/wp\/v2\/users\/2"}],"replies":[{"embeddable":true,"href":"https:\/\/sindaopcpb.org.br\/index.php\/wp-json\/wp\/v2\/comments?post=11006"}],"version-history":[{"count":1,"href":"https:\/\/sindaopcpb.org.br\/index.php\/wp-json\/wp\/v2\/posts\/11006\/revisions"}],"predecessor-version":[{"id":11007,"href":"https:\/\/sindaopcpb.org.br\/index.php\/wp-json\/wp\/v2\/posts\/11006\/revisions\/11007"}],"wp:attachment":[{"href":"https:\/\/sindaopcpb.org.br\/index.php\/wp-json\/wp\/v2\/media?parent=11006"}],"wp:term":[{"taxonomy":"category","embeddable":true,"href":"https:\/\/sindaopcpb.org.br\/index.php\/wp-json\/wp\/v2\/categories?post=11006"},{"taxonomy":"post_tag","embeddable":true,"href":"https:\/\/sindaopcpb.org.br\/index.php\/wp-json\/wp\/v2\/tags?post=11006"}],"curies":[{"name":"wp","href":"https:\/\/api.w.org\/{rel}","templated":true}]}}