{"id":10998,"date":"2023-03-15T07:55:34","date_gmt":"2023-03-15T10:55:34","guid":{"rendered":"https:\/\/g1.globo.com\/pb\/paraiba\/noticia\/2023\/03\/15\/suspeito-de-ser-um-dos-responsaveis-por-ataques-violentos-ao-rn-morre-apos-confronto-com-a-policia-na-pb.ghtml"},"modified":"2023-03-15T07:55:34","modified_gmt":"2023-03-15T10:55:34","slug":"suspeito-de-ser-um-dos-responsaveis-por-ataques-violentos-no-rn-e-morto-em-confronto-com-a-policia-na-pb","status":"publish","type":"post","link":"https:\/\/sindaopcpb.org.br\/index.php\/2023\/03\/15\/suspeito-de-ser-um-dos-responsaveis-por-ataques-violentos-no-rn-e-morto-em-confronto-com-a-policia-na-pb\/","title":{"rendered":"Suspeito de ser um dos respons\u00e1veis por ataques violentos no RN \u00e9 morto em confronto com a pol\u00edcia na PB"},"content":{"rendered":"   <img src=\"https:\/\/s2.glbimg.com\/Wx-6R8icKf4zyuBL0aO8CEyZOA4=\/i.s3.glbimg.com\/v1\/AUTH_59edd422c0c84a879bd37670ae4f538a\/internal_photos\/bs\/2023\/O\/A\/i9gGQqQa2qAthZ6bS2lA\/jose-wilson-rn.jpg\" \/><br \/>     Jos\u00e9 Wilson da Silva Filho, de 29 anos, estava escondido no bairro de Paratibe, em Jo\u00e3o Pessoa, e chegou a ser socorrido para o hospital, mas n\u00e3o resistiu. Ele seria respons\u00e1vel por distribuir armas e dinheiro para grupo que fez os ataques. Jos\u00e9 Wilson da Silva Filho era foragido dos sistemas prisionais da Para\u00edba e do Rio Grande do Norte e um dos coordenadores dos ataques\nDivulga\u00e7\u00e3o\/Pol\u00edcia Civil\nUm homem de 29 anos apontado pela pol\u00edcia como um dos respons\u00e1veis por organizar os ataques violentos no Rio Grande do Norte morreu ap\u00f3s um confronto com policiais, em Jo\u00e3o Pessoa, na madrugada desta quarta-feira (15). \nDe acordo com a Pol\u00edcia Civil, Jos\u00e9 Wilson da Silva Filho era foragido dos sistemas prisionais da Para\u00edba e do Rio Grande do Norte e estava escondido no bairro de Paratibe, na capital paraibana. \nSegundo Luciano Augusto, delegado do Departamento de Investiga\u00e7\u00e3o Contra o Crime Organizado no Rio Grande do Norte (DEICOR-RN), Filho fazia parte do grupo criminosos respons\u00e1vel pelos ataques e j\u00e1 era monitorado pelo departamento h\u00e1 cerca de um ano. A investiga\u00e7\u00e3o aponta que ele distribu\u00eda armas e dinheiro para o grupo que fez os ataques.\n\ud83d\udd14 O g1 agora est\u00e1 no Comunidades WhatsApp. Clique aqui para participar\nAntes da morte dele, um preso ligado \u00e0 fac\u00e7\u00e3o e suspeito de chefiar os ataques de dentro do pres\u00eddio foi transferido da Penitenci\u00e1ria Estadual de Alca\u00e7uz, na Grande Natal, para um pres\u00eddio federal que n\u00e3o foi revelado.\nSegundo o delegado, Jos\u00e9 era um dos poucos integrantes da fac\u00e7\u00e3o que estavam em liberdade. \n\u201cCom os recentes ataques oriundos de ordens vindas do pres\u00eddio, ele era um dos poucos integrantes do grupo em liberdade, e estava orquestrando o cumprimento destas ordens. N\u00f3s intensificamos a investiga\u00e7\u00e3o contra ele e identificamos que ele atuou fornecendo armamentos, dinheiro e determinando os locais dos ataques que aconteceram nos \u00faltimos dias\u201d, disse Luciano.\nAinda conforme o delegado, outros alvos est\u00e3o sendo monitorados, mas as informa\u00e7\u00f5es n\u00e3o podem ser divulgadas para n\u00e3o comprometer a investiga\u00e7\u00e3o.\nMais de dez cidades do Rio Grande do Norte sofrem ataques violentos\nDen\u00fancia indicou endere\u00e7o\nJos\u00e9 Wilson foi encontrado ap\u00f3s a pol\u00edcia receber uma den\u00fancia com o endere\u00e7o dele na Para\u00edba. Ao ser abordado pelos policiais, ele trocou tiros com os agentes e foi baleado. \nEle chegou a ser socorrido para o Hospital de Emerg\u00eancia e Trauma de Jo\u00e3o Pessoa, mas n\u00e3o resistiu e morreu no in\u00edcio da manh\u00e3 desta quarta-feira. Com ele, a pol\u00edcia apreendeu uma pistola e um carro. \nEle \u00e9 o segundo suspeito morto em confronto com a pol\u00edcia ap\u00f3s o in\u00edcio os ataques. O primeiro foi morto no Rio Grande do Norte, na madrugada de ter\u00e7a-feira. \nDois \u00f4nibus escolares foram incendiados no munic\u00edpios de S\u00e3o Tom\u00e9, RN, na madrugada desta quarta (15)\nDivulga\u00e7\u00e3o\nAtaques no RN\nSegundo a pol\u00edcia, a a\u00e7\u00e3o \u00e9 organizada por uma fac\u00e7\u00e3o que age de dentro dos pres\u00eddios. O grupo tem queimado pr\u00e9dios p\u00fablicos, com\u00e9rcios e ve\u00edculos. Ao menos duas pessoas ficaram feridas. \nNa madrugada desta ter\u00e7a, 100 homens da For\u00e7a Nacional chegaram ao estado para refor\u00e7ar a seguran\u00e7a. De acordo com o \u00faltimo balan\u00e7o da Pol\u00edcia Militar, 28 pessoas foram presas desde o in\u00edcio dos ataques. \nA Secretaria da Seguran\u00e7a e da Defesa Social da Para\u00edba refor\u00e7ou o policiamento nas divisas do estado com o Rio Grande do Norte ap\u00f3s o in\u00edcio dos ataques no estado vizinho, na madrugada da ter\u00e7a-feira (14). Pelo menos 29 cidades do RN j\u00e1 foram alvo de ataques.\nCidades alvo de ataques no RN\nArte\/g1\nV\u00eddeos mais assistidos da Para\u00edba  ","protected":false},"excerpt":{"rendered":"<p>        Jos\u00e9 Wilson da Silva Filho, de 29 anos, estava escondido no bairro de Paratibe, em Jo\u00e3o Pessoa, e chegou a ser socorrido para o hospital, mas n\u00e3o resistiu. Ele seria respons\u00e1vel por distribuir armas e dinheiro para grupo que fez os ataques. Jos&#8230;<\/p>\n","protected":false},"author":2,"featured_media":0,"comment_status":"closed","ping_status":"closed","sticky":false,"template":"","format":"standard","meta":{"advgb_blocks_editor_width":"","advgb_blocks_columns_visual_guide":"","footnotes":""},"categories":[34],"tags":[35],"class_list":["post-10998","post","type-post","status-publish","format-standard","hentry","category-g1","tag-g1"],"author_meta":{"display_name":"g1 &gt; Para\u00edba","author_link":"https:\/\/sindaopcpb.org.br\/author\/g1-paraiba\/"},"featured_img":null,"coauthors":[],"tax_additional":{"categories":{"linked":["<a href=\"https:\/\/sindaopcpb.org.br\/g1\/\" class=\"advgb-post-tax-term\">G1<\/a>"],"unlinked":["<span class=\"advgb-post-tax-term\">G1<\/span>"]},"tags":{"linked":["<a href=\"https:\/\/sindaopcpb.org.br\/g1\/\" class=\"advgb-post-tax-term\">g1<\/a>"],"unlinked":["<span class=\"advgb-post-tax-term\">g1<\/span>"]}},"comment_count":"0","relative_dates":{"created":"Publicado 3 anos atr\u00e1s","modified":"Atualizado 3 anos atr\u00e1s"},"absolute_dates":{"created":"Publicado em 15 de mar\u00e7o de 2023","modified":"Atualizado em 15 de mar\u00e7o de 2023"},"absolute_dates_time":{"created":"Publicado em 15 de mar\u00e7o de 2023 07:55","modified":"Atualizado em 15 de mar\u00e7o de 2023 07:55"},"featured_img_caption":"","series_order":"","_links":{"self":[{"href":"https:\/\/sindaopcpb.org.br\/index.php\/wp-json\/wp\/v2\/posts\/10998","targetHints":{"allow":["GET"]}}],"collection":[{"href":"https:\/\/sindaopcpb.org.br\/index.php\/wp-json\/wp\/v2\/posts"}],"about":[{"href":"https:\/\/sindaopcpb.org.br\/index.php\/wp-json\/wp\/v2\/types\/post"}],"author":[{"embeddable":true,"href":"https:\/\/sindaopcpb.org.br\/index.php\/wp-json\/wp\/v2\/users\/2"}],"replies":[{"embeddable":true,"href":"https:\/\/sindaopcpb.org.br\/index.php\/wp-json\/wp\/v2\/comments?post=10998"}],"version-history":[{"count":1,"href":"https:\/\/sindaopcpb.org.br\/index.php\/wp-json\/wp\/v2\/posts\/10998\/revisions"}],"predecessor-version":[{"id":10999,"href":"https:\/\/sindaopcpb.org.br\/index.php\/wp-json\/wp\/v2\/posts\/10998\/revisions\/10999"}],"wp:attachment":[{"href":"https:\/\/sindaopcpb.org.br\/index.php\/wp-json\/wp\/v2\/media?parent=10998"}],"wp:term":[{"taxonomy":"category","embeddable":true,"href":"https:\/\/sindaopcpb.org.br\/index.php\/wp-json\/wp\/v2\/categories?post=10998"},{"taxonomy":"post_tag","embeddable":true,"href":"https:\/\/sindaopcpb.org.br\/index.php\/wp-json\/wp\/v2\/tags?post=10998"}],"curies":[{"name":"wp","href":"https:\/\/api.w.org\/{rel}","templated":true}]}}