{"id":10990,"date":"2023-03-15T10:25:57","date_gmt":"2023-03-15T13:25:57","guid":{"rendered":"https:\/\/g1.globo.com\/pb\/paraiba\/noticia\/2023\/03\/15\/ifpb-divulga-1a-chamada-da-lista-de-espera-do-sisu-2023.ghtml"},"modified":"2023-03-15T10:25:57","modified_gmt":"2023-03-15T13:25:57","slug":"ifpb-divulga-1a-chamada-da-lista-de-espera-do-sisu-2023","status":"publish","type":"post","link":"https:\/\/sindaopcpb.org.br\/index.php\/2023\/03\/15\/ifpb-divulga-1a-chamada-da-lista-de-espera-do-sisu-2023\/","title":{"rendered":"IFPB divulga 1\u00aa chamada da lista de espera do Sisu 2023"},"content":{"rendered":"   <img src=\"https:\/\/s2.glbimg.com\/GmcyE5E747JobGikYHBg3CmJ6c0=\/i.s3.glbimg.com\/v1\/AUTH_59edd422c0c84a879bd37670ae4f538a\/internal_photos\/bs\/2022\/q\/V\/20Q2GGQZGDgMdwFyTxAQ\/campus-patos-ifpb.jpg\" \/><br \/>     As convoca\u00e7\u00f5es da lista de espera podem ser acompanhadas atrav\u00e9s das p\u00e1ginas oficiais dos Campi para qual concorreu ou no Portal do Estudante. Campi do IFPB em Patos, no Sert\u00e3o da Para\u00edba\nDivulga\u00e7\u00e3o\/IFPB\nFoi divulgada nesta quarta-feira (15) a 1\u00aa chamada da lista de espera do Processo Seletivo Sisu 2023 do Instituto Federal da Para\u00edba (IFPB). A rela\u00e7\u00e3o dos candidatos aprovados na lista para vagas nos cursos de gradua\u00e7\u00e3o pode ser acessada no Portal do Estudante IFPB.\nNesta primeira chamada, o IFPB oferta 854 vagas, distribu\u00eddas entre os campi: Cabedelo, Cajazeiras, Campina Grande, Guarabira, Jo\u00e3o Pessoa, Monteiro, Patos, Picu\u00ed, Princesa Isabel e Sousa.\nLEIA TAMB\u00c9M:\nInstitui\u00e7\u00f5es p\u00fablicas de ensino superior v\u00e3o ofertar mais de 19 mil vagas no Sisu em 2023\nAs convoca\u00e7\u00f5es ser\u00e3o realizadas por cada Campus ofertante. O IFPB ressalta que cada unidade de ensino possui um calend\u00e1rio acad\u00eamico independente dos demais campi e dssa forma, os cronogramas n\u00e3o s\u00e3o necessariamente iguais. Portanto, cada candidato deve observar o cronograma do Campus de sua respectiva op\u00e7\u00e3o de curso. \nEm um dos maiores campi do IFPB , o Campus Jo\u00e3o Pessoa, a pr\u00e9-matricula j\u00e1 ocorre de 14 a 17 de mar\u00e7o.\nPara informa\u00e7\u00f5es adicionais a respeito do in\u00edcio das atividades letivas, os candidatos com matr\u00edculas confirmadas devem entrar em contato com a Coordena\u00e7\u00e3o de Controle Acad\u00eamico, ou Diretoria de Desenvolvimento de Ensino do Campus, ou da respectiva Coordena\u00e7\u00e3o de Curso.\nV\u00eddeos mais assistidos do g1 Para\u00edba  ","protected":false},"excerpt":{"rendered":"<p>        As convoca\u00e7\u00f5es da lista de espera podem ser acompanhadas atrav\u00e9s das p\u00e1ginas oficiais dos Campi para qual concorreu ou no Portal do Estudante. Campi do IFPB em Patos, no Sert\u00e3o da Para\u00edba<br \/>\nDivulga\u00e7\u00e3o\/IFPB<br \/>\nFoi divulgada nesta quarta-feira (15) a &#8230;<\/p>\n","protected":false},"author":2,"featured_media":0,"comment_status":"closed","ping_status":"closed","sticky":false,"template":"","format":"standard","meta":{"advgb_blocks_editor_width":"","advgb_blocks_columns_visual_guide":"","footnotes":""},"categories":[34],"tags":[35],"class_list":["post-10990","post","type-post","status-publish","format-standard","hentry","category-g1","tag-g1"],"author_meta":{"display_name":"g1 &gt; Para\u00edba","author_link":"https:\/\/sindaopcpb.org.br\/author\/g1-paraiba\/"},"featured_img":null,"coauthors":[],"tax_additional":{"categories":{"linked":["<a href=\"https:\/\/sindaopcpb.org.br\/g1\/\" class=\"advgb-post-tax-term\">G1<\/a>"],"unlinked":["<span class=\"advgb-post-tax-term\">G1<\/span>"]},"tags":{"linked":["<a href=\"https:\/\/sindaopcpb.org.br\/g1\/\" class=\"advgb-post-tax-term\">g1<\/a>"],"unlinked":["<span class=\"advgb-post-tax-term\">g1<\/span>"]}},"comment_count":"0","relative_dates":{"created":"Publicado 3 anos atr\u00e1s","modified":"Atualizado 3 anos atr\u00e1s"},"absolute_dates":{"created":"Publicado em 15 de mar\u00e7o de 2023","modified":"Atualizado em 15 de mar\u00e7o de 2023"},"absolute_dates_time":{"created":"Publicado em 15 de mar\u00e7o de 2023 10:25","modified":"Atualizado em 15 de mar\u00e7o de 2023 10:25"},"featured_img_caption":"","series_order":"","_links":{"self":[{"href":"https:\/\/sindaopcpb.org.br\/index.php\/wp-json\/wp\/v2\/posts\/10990","targetHints":{"allow":["GET"]}}],"collection":[{"href":"https:\/\/sindaopcpb.org.br\/index.php\/wp-json\/wp\/v2\/posts"}],"about":[{"href":"https:\/\/sindaopcpb.org.br\/index.php\/wp-json\/wp\/v2\/types\/post"}],"author":[{"embeddable":true,"href":"https:\/\/sindaopcpb.org.br\/index.php\/wp-json\/wp\/v2\/users\/2"}],"replies":[{"embeddable":true,"href":"https:\/\/sindaopcpb.org.br\/index.php\/wp-json\/wp\/v2\/comments?post=10990"}],"version-history":[{"count":1,"href":"https:\/\/sindaopcpb.org.br\/index.php\/wp-json\/wp\/v2\/posts\/10990\/revisions"}],"predecessor-version":[{"id":10991,"href":"https:\/\/sindaopcpb.org.br\/index.php\/wp-json\/wp\/v2\/posts\/10990\/revisions\/10991"}],"wp:attachment":[{"href":"https:\/\/sindaopcpb.org.br\/index.php\/wp-json\/wp\/v2\/media?parent=10990"}],"wp:term":[{"taxonomy":"category","embeddable":true,"href":"https:\/\/sindaopcpb.org.br\/index.php\/wp-json\/wp\/v2\/categories?post=10990"},{"taxonomy":"post_tag","embeddable":true,"href":"https:\/\/sindaopcpb.org.br\/index.php\/wp-json\/wp\/v2\/tags?post=10990"}],"curies":[{"name":"wp","href":"https:\/\/api.w.org\/{rel}","templated":true}]}}