{"id":10982,"date":"2023-03-15T12:51:25","date_gmt":"2023-03-15T15:51:25","guid":{"rendered":"https:\/\/g1.globo.com\/pb\/paraiba\/noticia\/2023\/03\/15\/quem-e-o-suspeito-de-ser-um-dos-responsaveis-por-ataques-violentos-no-rn-que-foi-morto-na-pb.ghtml"},"modified":"2023-03-15T12:51:25","modified_gmt":"2023-03-15T15:51:25","slug":"quem-e-o-suspeito-de-ser-um-dos-responsaveis-por-ataques-violentos-no-rn-que-foi-morto-na-pb","status":"publish","type":"post","link":"https:\/\/sindaopcpb.org.br\/index.php\/2023\/03\/15\/quem-e-o-suspeito-de-ser-um-dos-responsaveis-por-ataques-violentos-no-rn-que-foi-morto-na-pb\/","title":{"rendered":"Quem \u00e9 o suspeito de ser um dos respons\u00e1veis por ataques violentos no RN que foi morto na PB"},"content":{"rendered":"   <img src=\"https:\/\/s2.glbimg.com\/Wx-6R8icKf4zyuBL0aO8CEyZOA4=\/i.s3.glbimg.com\/v1\/AUTH_59edd422c0c84a879bd37670ae4f538a\/internal_photos\/bs\/2023\/O\/A\/i9gGQqQa2qAthZ6bS2lA\/jose-wilson-rn.jpg\" \/><br \/>     Homem de 29 anos era investigado em inqu\u00e9ritos por crimes como roubo, tr\u00e1fico de drogas e associa\u00e7\u00e3o criminosa, nos estados da Para\u00edba e Rio Grande do Norte.  Jos\u00e9 Wilson da Silva Filho \u00e9 apontado pela pol\u00edcia como um dos coordenadores dos ataques violentos no RN\nDivulga\u00e7\u00e3o\/Pol\u00edcia Civil\nUm homem, suspeito de ser um dos respons\u00e1veis por organizar os ataques violentos no Rio Grande do Norte, foi morto em confroto com policiais, na madrugada desta quarta-feira (15), em Jo\u00e3o Pessoa. \nDe acordo com o delegado de Pol\u00edcia Civil Jo\u00e3o Paulo Amazonas, Jos\u00e9 Wilson da Silva Filho, de 29 anos, \u00e9 natural do Rio Grande do Norte e era investigado em inqu\u00e9ritos por crimes como roubo, tr\u00e1fico de drogas e associa\u00e7\u00e3o criminosa, nos estados da Para\u00edba e Rio Grande do Norte. O suspeito estava escondido no bairro de Paratibe, na capital paraibana.\nAo g1, o delegado disse que havia um mandado de pris\u00e3o em aberto contra o suspeito, expedido pela Vara de Campina Grande, por roubo e porte ilegal de armas. Al\u00e9m disso, ele j\u00e1 foi preso no Rio Grande do Norte e na Para\u00edba. \n\"Ele tinha mandado de pris\u00e3o em aberto, por roubo e porte de armas, expedido pela vara de Campina Grande e era investigado em diversos inqu\u00e9ritos policiais, aqui e no RN.  Era de uma comunidade conhecida como M\u00e3e Luiza, em Natal\", informou Jo\u00e3o Paulo Amazonas. \nAinda conforme informa\u00e7\u00f5es de Jo\u00e3o Paulo Amazonas, o suspeito estava na Para\u00edba h\u00e1 cerca de uma semana, onde auxiliava na organiza\u00e7\u00e3o dos ataques. \nDen\u00fancia indicou endere\u00e7o \nJos\u00e9 Wilson foi encontrado ap\u00f3s a pol\u00edcia receber uma den\u00fancia com o endere\u00e7o dele na Para\u00edba. Ao ser abordado pelos policiais, ele trocou tiros com os agentes e foi baleado.\nO homem chegou a ser socorrido para o Hospital de Emerg\u00eancia e Trauma de Jo\u00e3o Pessoa, mas n\u00e3o resistiu e morreu no in\u00edcio da manh\u00e3 desta quarta-feira. Com ele, a pol\u00edcia apreendeu uma pistola e um carro.\nEle \u00e9 o segundo suspeito morto em confronto com a pol\u00edcia ap\u00f3s o in\u00edcio os ataques. O primeiro foi morto no Rio Grande do Norte, na madrugada de ter\u00e7a-feira (14). \nAtaques no RN: o que se sabe e o que falta esclarecer\nEntenda o caso \nMais de dez cidades do Rio Grande do Norte sofrem ataques violentos\nO Rio Grande do Norte \u00e9 alvo de uma sequ\u00eancia de ataques violentos na capital, Natal, e em outras 24 cidades desde a madrugada de ter\u00e7a-feira (14). Segundo a pol\u00edcia, a a\u00e7\u00e3o \u00e9 organizada por uma fac\u00e7\u00e3o que age de dentro dos pres\u00eddios. O grupo tem queimado pr\u00e9dios p\u00fablicos, com\u00e9rcios e ve\u00edculos. Ao menos duas pessoas ficaram feridas.\nNa madrugada desta ter\u00e7a, 100 homens da For\u00e7a Nacional chegaram ao estado para refor\u00e7ar a seguran\u00e7a. De acordo com o \u00faltimo balan\u00e7o da Pol\u00edcia Militar, 28 pessoas foram presas desde o in\u00edcio dos ataques.\nA Secretaria da Seguran\u00e7a e da Defesa Social da Para\u00edba refor\u00e7ou o policiamento nas divisas do estado com o Rio Grande do Norte ap\u00f3s o in\u00edcio dos ataques no estado vizinho, na madrugada da ter\u00e7a-feira (14). Pelo menos 29 cidades do RN j\u00e1 foram alvo de ataques.\nCidades alvo de ataques no RN\nArte\/g1\nV\u00eddeos mais assistidos do g1 Para\u00edba  ","protected":false},"excerpt":{"rendered":"<p>        Homem de 29 anos era investigado em inqu\u00e9ritos por crimes como roubo, tr\u00e1fico de drogas e associa\u00e7\u00e3o criminosa, nos estados da Para\u00edba e Rio Grande do Norte.  Jos\u00e9 Wilson da Silva Filho \u00e9 apontado pela pol\u00edcia como um dos coordenadores dos ataq&#8230;<\/p>\n","protected":false},"author":2,"featured_media":0,"comment_status":"closed","ping_status":"closed","sticky":false,"template":"","format":"standard","meta":{"advgb_blocks_editor_width":"","advgb_blocks_columns_visual_guide":"","footnotes":""},"categories":[34],"tags":[35],"class_list":["post-10982","post","type-post","status-publish","format-standard","hentry","category-g1","tag-g1"],"author_meta":{"display_name":"g1 &gt; Para\u00edba","author_link":"https:\/\/sindaopcpb.org.br\/author\/g1-paraiba\/"},"featured_img":null,"coauthors":[],"tax_additional":{"categories":{"linked":["<a href=\"https:\/\/sindaopcpb.org.br\/g1\/\" class=\"advgb-post-tax-term\">G1<\/a>"],"unlinked":["<span class=\"advgb-post-tax-term\">G1<\/span>"]},"tags":{"linked":["<a href=\"https:\/\/sindaopcpb.org.br\/g1\/\" class=\"advgb-post-tax-term\">g1<\/a>"],"unlinked":["<span class=\"advgb-post-tax-term\">g1<\/span>"]}},"comment_count":"0","relative_dates":{"created":"Publicado 3 anos atr\u00e1s","modified":"Atualizado 3 anos atr\u00e1s"},"absolute_dates":{"created":"Publicado em 15 de mar\u00e7o de 2023","modified":"Atualizado em 15 de mar\u00e7o de 2023"},"absolute_dates_time":{"created":"Publicado em 15 de mar\u00e7o de 2023 12:51","modified":"Atualizado em 15 de mar\u00e7o de 2023 12:51"},"featured_img_caption":"","series_order":"","_links":{"self":[{"href":"https:\/\/sindaopcpb.org.br\/index.php\/wp-json\/wp\/v2\/posts\/10982","targetHints":{"allow":["GET"]}}],"collection":[{"href":"https:\/\/sindaopcpb.org.br\/index.php\/wp-json\/wp\/v2\/posts"}],"about":[{"href":"https:\/\/sindaopcpb.org.br\/index.php\/wp-json\/wp\/v2\/types\/post"}],"author":[{"embeddable":true,"href":"https:\/\/sindaopcpb.org.br\/index.php\/wp-json\/wp\/v2\/users\/2"}],"replies":[{"embeddable":true,"href":"https:\/\/sindaopcpb.org.br\/index.php\/wp-json\/wp\/v2\/comments?post=10982"}],"version-history":[{"count":1,"href":"https:\/\/sindaopcpb.org.br\/index.php\/wp-json\/wp\/v2\/posts\/10982\/revisions"}],"predecessor-version":[{"id":10983,"href":"https:\/\/sindaopcpb.org.br\/index.php\/wp-json\/wp\/v2\/posts\/10982\/revisions\/10983"}],"wp:attachment":[{"href":"https:\/\/sindaopcpb.org.br\/index.php\/wp-json\/wp\/v2\/media?parent=10982"}],"wp:term":[{"taxonomy":"category","embeddable":true,"href":"https:\/\/sindaopcpb.org.br\/index.php\/wp-json\/wp\/v2\/categories?post=10982"},{"taxonomy":"post_tag","embeddable":true,"href":"https:\/\/sindaopcpb.org.br\/index.php\/wp-json\/wp\/v2\/tags?post=10982"}],"curies":[{"name":"wp","href":"https:\/\/api.w.org\/{rel}","templated":true}]}}