{"id":10970,"date":"2023-03-14T17:34:21","date_gmt":"2023-03-14T20:34:21","guid":{"rendered":"https:\/\/g1.globo.com\/pb\/paraiba\/noticia\/2023\/03\/14\/caso-mariana-thomaz-apos-um-ano-do-crime-stj-nega-recurso-de-habeas-corpus-a-johannes-dudeck.ghtml"},"modified":"2023-03-14T17:34:21","modified_gmt":"2023-03-14T20:34:21","slug":"caso-mariana-thomaz-apos-um-ano-do-crime-stj-nega-recurso-de-habeas-corpus-a-johannes-dudeck","status":"publish","type":"post","link":"https:\/\/sindaopcpb.org.br\/index.php\/2023\/03\/14\/caso-mariana-thomaz-apos-um-ano-do-crime-stj-nega-recurso-de-habeas-corpus-a-johannes-dudeck\/","title":{"rendered":"Caso Mariana Thomaz: ap\u00f3s um ano do crime, STJ nega recurso de habeas corpus a Johannes Dudeck"},"content":{"rendered":"   <img src=\"https:\/\/s2.glbimg.com\/tDEdg-NyKxsyPgOw71FiIXwpgSU=\/i.s3.glbimg.com\/v1\/AUTH_59edd422c0c84a879bd37670ae4f538a\/internal_photos\/bs\/2022\/D\/b\/5dxxvCT7SAau9l9Is9Gw\/johanes-dudeck.jpeg\" \/><br \/>     Decis\u00e3o considera que outras medidas cautelares n\u00e3o seriam suficientes para garantir a ordem p\u00fablica. Acusado vai a j\u00fari popular por feminic\u00eddio e estupro. Johannes Dudeck, suspeito de matar a estudante de medicina Mariana Thomaz, em Jo\u00e3o Pessoa\nReprodu\u00e7\u00e3o\/TV Cabo Branco\nO Superior Tribunal de Justi\u00e7a (STJ) negou, na \u00faltima sexta-feira (10), um recurso de habeas corpus para Johannes Dudeck, acusado de matar a estudante Mariana Thomaz, no dia 12 de mar\u00e7o de 2022, em Jo\u00e3o Pessoa.  A decis\u00e3o \u00e9 do ministro Reynaldo Soares da Fonseca, em resposta a um pedido da defesa do acusado. O crime completou um ano no \u00faltimo domingo (12). \nNo recurso ao qual o g1 teve acesso, a defesa alegou aus\u00eancia de fundamenta\u00e7\u00e3o para manuten\u00e7\u00e3o da pris\u00e3o preventiva e argumenta que o acusado n\u00e3o representa risco para a sociedade, pois n\u00e3o fugiu do local e acionou o Samu, al\u00e9m de ter sido  absolvido no processo por crime de viol\u00eancia dom\u00e9stica. O g1 entrou em contato com a defesa de Johannes Dudeck e aguarda retorno. \nA pris\u00e3o foi determinada pelo homic\u00eddio qualificado (feminic\u00eddio), gravidade, periculosidade, modus operandi e risco reitera\u00e7\u00e3o, al\u00e9m do hist\u00f3rico de viol\u00eancia dom\u00e9stica. A negativa do STJ foi determinada pois outras medidas cautelares diferentes da pris\u00e3o n\u00e3o seriam suficientes para garantir a ordem p\u00fablica.\nEm novembro de 2022, o ministro Reynaldo Soares da Fonseca determinou que o Tribunal de Justi\u00e7a da Para\u00edba analisasse o pedido de liberdade solicitado pela defesa e o TJPB negou o pedido. \nJohannes Dudeck est\u00e1 preso no pres\u00eddio do Roger, em Jo\u00e3o Pessoa. Antes, ele estava no Pres\u00eddio Especial do Valentina, por ter alegado na audi\u00eancia de cust\u00f3dia que possu\u00eda curso de n\u00edvel superior, mas n\u00e3o apresentou o documento de comprova\u00e7\u00e3o exigido pela Justi\u00e7a. Em julho de 2022, foi determinada a transfer\u00eancia.\nO acusado vai a j\u00fari popular por feminic\u00eddio e estupro. A data do j\u00fari ainda n\u00e3o foi divulgada.\nEntenda a Lei Mariana Thomaz\nRelembre o caso\nMariana Thomaz foi morta por esganadura. \nReprodu\u00e7\u00e3o\/Redes sociais\nO corpo de Mariana foi encontrado no dia 12 de mar\u00e7o de 2022, ap\u00f3s a pol\u00edcia receber uma liga\u00e7\u00e3o do acusado Johannes Dudeck, informando que Mariana estava tendo convuls\u00f5es. A investiga\u00e7\u00e3o observou sinais de esganaduras, ent\u00e3o Johannes foi preso no local e encaminhado para um pres\u00eddio especial de Jo\u00e3o Pessoa.\nO relat\u00f3rio final do inqu\u00e9rito indicou os crimes de feminic\u00eddio e estupro, conforme informa\u00e7\u00f5es obtidas do laudo tanatosc\u00f3pico do Instituto de Pol\u00edcia Cient\u00edfica (IPC), exame feito para comprovar a exist\u00eancia de viol\u00eancia sexual.\nConhe\u00e7a detalhes de processos contra suspeito de feminic\u00eddio, Johannes Dudeck\nO empres\u00e1rio j\u00e1 tem um hist\u00f3rico de processos tanto na esfera criminal quanto na c\u00edvel, conforme consulta feita pelo g1 nos sistemas p\u00fablicos do Tribunal de Justi\u00e7a da Para\u00edba (TJPB) e do Minist\u00e9rio P\u00fablico da Para\u00edba (MPPB). Entre os casos, v\u00e1rios processos administrativos envolvendo empresas dele e tamb\u00e9m casos de amea\u00e7a, les\u00e3o corporal e viol\u00eancia contra a mulher.\nA jovem, de 25 anos, era natural do Cear\u00e1 e estava na Para\u00edba para cursar a gradua\u00e7\u00e3o de medicina.\nV\u00eddeos mais assistidos do g1 Para\u00edba  ","protected":false},"excerpt":{"rendered":"<p>        Decis\u00e3o considera que outras medidas cautelares n\u00e3o seriam suficientes para garantir a ordem p\u00fablica. Acusado vai a j\u00fari popular por feminic\u00eddio e estupro. Johannes Dudeck, suspeito de matar a estudante de medicina Mariana Thomaz, em Jo\u00e3o Pesso&#8230;<\/p>\n","protected":false},"author":2,"featured_media":0,"comment_status":"closed","ping_status":"closed","sticky":false,"template":"","format":"standard","meta":{"advgb_blocks_editor_width":"","advgb_blocks_columns_visual_guide":"","footnotes":""},"categories":[34],"tags":[35],"class_list":["post-10970","post","type-post","status-publish","format-standard","hentry","category-g1","tag-g1"],"author_meta":{"display_name":"g1 &gt; Para\u00edba","author_link":"https:\/\/sindaopcpb.org.br\/author\/g1-paraiba\/"},"featured_img":null,"coauthors":[],"tax_additional":{"categories":{"linked":["<a href=\"https:\/\/sindaopcpb.org.br\/g1\/\" class=\"advgb-post-tax-term\">G1<\/a>"],"unlinked":["<span class=\"advgb-post-tax-term\">G1<\/span>"]},"tags":{"linked":["<a href=\"https:\/\/sindaopcpb.org.br\/g1\/\" class=\"advgb-post-tax-term\">g1<\/a>"],"unlinked":["<span class=\"advgb-post-tax-term\">g1<\/span>"]}},"comment_count":"0","relative_dates":{"created":"Publicado 3 anos atr\u00e1s","modified":"Atualizado 3 anos atr\u00e1s"},"absolute_dates":{"created":"Publicado em 14 de mar\u00e7o de 2023","modified":"Atualizado em 14 de mar\u00e7o de 2023"},"absolute_dates_time":{"created":"Publicado em 14 de mar\u00e7o de 2023 17:34","modified":"Atualizado em 14 de mar\u00e7o de 2023 17:34"},"featured_img_caption":"","series_order":"","_links":{"self":[{"href":"https:\/\/sindaopcpb.org.br\/index.php\/wp-json\/wp\/v2\/posts\/10970","targetHints":{"allow":["GET"]}}],"collection":[{"href":"https:\/\/sindaopcpb.org.br\/index.php\/wp-json\/wp\/v2\/posts"}],"about":[{"href":"https:\/\/sindaopcpb.org.br\/index.php\/wp-json\/wp\/v2\/types\/post"}],"author":[{"embeddable":true,"href":"https:\/\/sindaopcpb.org.br\/index.php\/wp-json\/wp\/v2\/users\/2"}],"replies":[{"embeddable":true,"href":"https:\/\/sindaopcpb.org.br\/index.php\/wp-json\/wp\/v2\/comments?post=10970"}],"version-history":[{"count":1,"href":"https:\/\/sindaopcpb.org.br\/index.php\/wp-json\/wp\/v2\/posts\/10970\/revisions"}],"predecessor-version":[{"id":10971,"href":"https:\/\/sindaopcpb.org.br\/index.php\/wp-json\/wp\/v2\/posts\/10970\/revisions\/10971"}],"wp:attachment":[{"href":"https:\/\/sindaopcpb.org.br\/index.php\/wp-json\/wp\/v2\/media?parent=10970"}],"wp:term":[{"taxonomy":"category","embeddable":true,"href":"https:\/\/sindaopcpb.org.br\/index.php\/wp-json\/wp\/v2\/categories?post=10970"},{"taxonomy":"post_tag","embeddable":true,"href":"https:\/\/sindaopcpb.org.br\/index.php\/wp-json\/wp\/v2\/tags?post=10970"}],"curies":[{"name":"wp","href":"https:\/\/api.w.org\/{rel}","templated":true}]}}