{"id":10950,"date":"2023-03-14T06:32:04","date_gmt":"2023-03-14T09:32:04","guid":{"rendered":"https:\/\/g1.globo.com\/pb\/paraiba\/noticia\/2023\/03\/14\/saiba-onde-se-vacinar-contra-a-covid-19-em-campina-grande-nesta-terca-14.ghtml"},"modified":"2023-03-14T06:32:04","modified_gmt":"2023-03-14T09:32:04","slug":"saiba-onde-se-vacinar-contra-a-covid-19-em-campina-grande-nesta-terca-14","status":"publish","type":"post","link":"https:\/\/sindaopcpb.org.br\/index.php\/2023\/03\/14\/saiba-onde-se-vacinar-contra-a-covid-19-em-campina-grande-nesta-terca-14\/","title":{"rendered":"Saiba onde se vacinar contra a Covid-19 em Campina Grande nesta ter\u00e7a (14)"},"content":{"rendered":"   <img src=\"https:\/\/s2.glbimg.com\/BEE2HlKE8qINP0QUXolkSMDBAVA=\/i.s3.glbimg.com\/v1\/AUTH_59edd422c0c84a879bd37670ae4f538a\/internal_photos\/bs\/2021\/q\/T\/MxONDvRrGAzyp6Ma1dyg\/vacinacao-cg.jpg\" \/><br \/>     Dose de vacina bivalente est\u00e1 liberada para quem tem a partir de 60 anos. Aplica\u00e7\u00e3o da vacina contra a Covid-19, em Campina Grande\nFoto: Codecom\/Sa\u00fade CG\nO munic\u00edpio de Campina Grande, Agreste da Para\u00edba, segue com a vacina\u00e7\u00e3o contra a Covid-19 para todos os p\u00fablicos a partir dos seis meses de idade nesta ter\u00e7a-feira (14). Os imunizantes s\u00e3o aplicados em Unidades B\u00e1sicas de Sa\u00fade (UBS), Centros de Sa\u00fade, Policl\u00ednicas municipais e postos espalhados pela cidade, sem necessidade de agendamento, das 8h \u00e0s 18h30. (veja locais e hor\u00e1rios abaixo)\nAl\u00e9m da imuniza\u00e7\u00e3o do p\u00fablico geral, a secretaria tamb\u00e9m adotou a estrat\u00e9gia de vacina\u00e7\u00e3o em domic\u00edlio para tentar alcan\u00e7ar mais crian\u00e7as. Os respons\u00e1veis interessados devem entrar em contato atrav\u00e9s dos telefones (83) 3310-6335 e (83) 99185-6474 ou procurar a Unidade B\u00e1sica de Sa\u00fade (UBS) mais pr\u00f3xima e informar o nome e endere\u00e7o da crian\u00e7a, para que a equipe de vacina\u00e7\u00e3o possa ir at\u00e9 o local.\nDocumenta\u00e7\u00e3o necess\u00e1ria\n\u00c9 necess\u00e1rio apresentar o documento oficial de identifica\u00e7\u00e3o pessoal e do respons\u00e1vel (caso seja menor de 18 anos de idade), e tamb\u00e9m laudo m\u00e9dico que comprove a comorbidade, caso receba vacina enquanto imunossuprimido, al\u00e9m do Cart\u00e3o do SUS e carteira de vacina\u00e7\u00e3o.\nEsquema de vacina\u00e7\u00e3o\nO esquema vacinal prim\u00e1rio do imunizante para crian\u00e7as menores de 6 meses a 2 anos \u00e9 de tr\u00eas doses, com o primeiro intervalo (entre D1 e D2) de quatro semanas. J\u00e1 para a aplica\u00e7\u00e3o da terceira dose (D3) \u00e9 necess\u00e1rio esperar oito semanas ap\u00f3s a segunda dose.\nPara receber a vacina bivalente, \u00e9 necess\u00e1rio ter recebido, no m\u00ednimo, duas doses da vacina no esquema vacinal prim\u00e1rio, sendo a \u00faltima dose tomada h\u00e1 no m\u00ednimo 4 meses. Por enquanto, em Campina Grande, recebem a bivalente idosos a partir de 60 anos e imunossuprimidos a partir de 12 anos.\nVacina\u00e7\u00e3o em Campina Grande nesta ter\u00e7a-feira (14):\nIdosos 60 anos acima e imunocompetentes de 12 anos acima\n08h \u00e0s 11h30 e 13h30 \u00e0s 16h30\nUBS Ant\u00f4nio Virg\u00edlio Brasileiro - Alu\u00edzio Campos \nUBS Cris\u00f3stomo Lucena - Alu\u00edzio Campos\nUBS Ana Am\u00e9lia Vilar - Rocha Cavalcante \nUBS Benjamim B. da Silva - Catingueira \nUBS Maria de Lourdes Le\u00f4ncio - Novo Cruzeiro \nUBS Hindemburgo Nunes - Ramadinha \nUBS Dra Ana Cantalice - Major Veneziano \nUBS Raiff Ramalho - Rosa Cruz \nUBS Adriana Bezerra - Santa Rosa\nUBS Galante\n08h \u00e0s 11h30h e de 13h30 \u00e0s 16h30\nCentro de Sa\u00fade da Palmeira \nCentro de Sa\u00fade da Liberdade \nCentro de Sa\u00fade de S\u00e3o Jos\u00e9 da Mata\nCentro de Sa\u00fade Francisco Pinto - Centro \nPolicl\u00ednica do Catol\u00e9\nUBS Bela Vista\nTerminal de Integra\u00e7\u00e3o - Centro\nPolicl\u00ednica das Malvinas\n16h \u00e0s 20h\nA\u00e7\u00e3o Campina Bem Cuidada - Mutir\u00e3o \nD1 e D2 - 6 meses acima\nD1 e D2 - 12  anos acima\nD3 (1\u00ba refor\u00e7o) - 3 anos acima\nD4 (2\u00ba refor\u00e7o) - 30 acima e trabalhadores de sa\u00fade\n08h \u00e0s 18h30\n UBS Ant\u00f4nio Virg\u00edlio Brasileiro - Alu\u00edzio Campos \nUBS Cris\u00f3stomo Lucena - Alu\u00edzio Campos\nUBS Ana Am\u00e9lia Vilar - Rocha Cavalcante \nUBS Benjamim B. da Silva - Catingueira \nUBS Maria de Lourdes Le\u00f4ncio - Novo Cruzeiro \nUBS Hindemburgo Nunes - Ramadinha \nUBS Dra Ana Cantalice - Major Veneziano \nUBS Raiff Ramalho - Rosa Cruz \nUBS Adriana Bezerra - Santa Rosa\nUBS Galante\n08h \u00e0s 11h30h e de 13h30 \u00e0s 16h30\nCentro de Sa\u00fade da Palmeira \nCentro de Sa\u00fade da Liberdade \nCentro de Sa\u00fade de S\u00e3o Jos\u00e9 da Mata\nCentro de Sa\u00fade Francisco Pinto - Centro \nPolicl\u00ednica do Catol\u00e9\nUBS Bela Vista \nTerminal de Integra\u00e7\u00e3o - Centro\nISEA\n16h \u00e0s 20h\nA\u00e7\u00e3o Campina Bem Cuidada - Mutir\u00e3o \nV\u00eddeos mais assistidos do g1 Para\u00edba  ","protected":false},"excerpt":{"rendered":"<p>        Dose de vacina bivalente est\u00e1 liberada para quem tem a partir de 60 anos. Aplica\u00e7\u00e3o da vacina contra a Covid-19, em Campina Grande<br \/>\nFoto: Codecom\/Sa\u00fade CG<br \/>\nO munic\u00edpio de Campina Grande, Agreste da Para\u00edba, segue com a vacina\u00e7\u00e3o contra a Covid-19&#8230;<\/p>\n","protected":false},"author":2,"featured_media":0,"comment_status":"closed","ping_status":"closed","sticky":false,"template":"","format":"standard","meta":{"advgb_blocks_editor_width":"","advgb_blocks_columns_visual_guide":"","footnotes":""},"categories":[34],"tags":[35],"class_list":["post-10950","post","type-post","status-publish","format-standard","hentry","category-g1","tag-g1"],"author_meta":{"display_name":"g1 &gt; Para\u00edba","author_link":"https:\/\/sindaopcpb.org.br\/author\/g1-paraiba\/"},"featured_img":null,"coauthors":[],"tax_additional":{"categories":{"linked":["<a href=\"https:\/\/sindaopcpb.org.br\/g1\/\" class=\"advgb-post-tax-term\">G1<\/a>"],"unlinked":["<span class=\"advgb-post-tax-term\">G1<\/span>"]},"tags":{"linked":["<a href=\"https:\/\/sindaopcpb.org.br\/g1\/\" class=\"advgb-post-tax-term\">g1<\/a>"],"unlinked":["<span class=\"advgb-post-tax-term\">g1<\/span>"]}},"comment_count":"0","relative_dates":{"created":"Publicado 3 anos atr\u00e1s","modified":"Atualizado 3 anos atr\u00e1s"},"absolute_dates":{"created":"Publicado em 14 de mar\u00e7o de 2023","modified":"Atualizado em 14 de mar\u00e7o de 2023"},"absolute_dates_time":{"created":"Publicado em 14 de mar\u00e7o de 2023 06:32","modified":"Atualizado em 14 de mar\u00e7o de 2023 06:32"},"featured_img_caption":"","series_order":"","_links":{"self":[{"href":"https:\/\/sindaopcpb.org.br\/index.php\/wp-json\/wp\/v2\/posts\/10950","targetHints":{"allow":["GET"]}}],"collection":[{"href":"https:\/\/sindaopcpb.org.br\/index.php\/wp-json\/wp\/v2\/posts"}],"about":[{"href":"https:\/\/sindaopcpb.org.br\/index.php\/wp-json\/wp\/v2\/types\/post"}],"author":[{"embeddable":true,"href":"https:\/\/sindaopcpb.org.br\/index.php\/wp-json\/wp\/v2\/users\/2"}],"replies":[{"embeddable":true,"href":"https:\/\/sindaopcpb.org.br\/index.php\/wp-json\/wp\/v2\/comments?post=10950"}],"version-history":[{"count":1,"href":"https:\/\/sindaopcpb.org.br\/index.php\/wp-json\/wp\/v2\/posts\/10950\/revisions"}],"predecessor-version":[{"id":10951,"href":"https:\/\/sindaopcpb.org.br\/index.php\/wp-json\/wp\/v2\/posts\/10950\/revisions\/10951"}],"wp:attachment":[{"href":"https:\/\/sindaopcpb.org.br\/index.php\/wp-json\/wp\/v2\/media?parent=10950"}],"wp:term":[{"taxonomy":"category","embeddable":true,"href":"https:\/\/sindaopcpb.org.br\/index.php\/wp-json\/wp\/v2\/categories?post=10950"},{"taxonomy":"post_tag","embeddable":true,"href":"https:\/\/sindaopcpb.org.br\/index.php\/wp-json\/wp\/v2\/tags?post=10950"}],"curies":[{"name":"wp","href":"https:\/\/api.w.org\/{rel}","templated":true}]}}