{"id":10946,"date":"2023-03-13T18:49:29","date_gmt":"2023-03-13T21:49:29","guid":{"rendered":"https:\/\/g1.globo.com\/pr\/parana\/noticia\/2023\/03\/13\/policia-prende-no-parana-suspeito-de-cometer-crimes-na-paraiba-e-no-rio-grande-do-norte.ghtml"},"modified":"2023-03-13T18:49:29","modified_gmt":"2023-03-13T21:49:29","slug":"policia-prende-no-parana-suspeito-de-cometer-crimes-na-paraiba-e-no-rio-grande-do-norte","status":"publish","type":"post","link":"https:\/\/sindaopcpb.org.br\/index.php\/2023\/03\/13\/policia-prende-no-parana-suspeito-de-cometer-crimes-na-paraiba-e-no-rio-grande-do-norte\/","title":{"rendered":"Pol\u00edcia prende no Paran\u00e1 suspeito de cometer crimes na Para\u00edba e no Rio Grande do Norte"},"content":{"rendered":"   <img src=\"https:\/\/s2.glbimg.com\/_TlYs9LurcEDcOMV-DmJnsSbhPg=\/i.s3.glbimg.com\/v1\/AUTH_59edd422c0c84a879bd37670ae4f538a\/internal_photos\/bs\/2023\/n\/P\/AOfBBUT46pUXQ0wWC3xg\/pcpr60-0.jpg\" \/><br \/>     Homem de 32 anos era considerado foragido e foi preso em Curitiba. Ele \u00e9 suspeito de roubo e de latroc\u00ednio - o roubo seguido de morte.  Pris\u00e3o foi fruto de a\u00e7\u00e3o conjunta das pol\u00edcias do Paran\u00e1 e da Para\u00edba\n F\u00e1bio Dias\/EPR\nA Pol\u00edcia Civil do Paran\u00e1 (PC-PR) prendeu nesta segunda-feira (13), em Curitiba, um homem suspeito de cometer crimes na Para\u00edba e no Rio Grande do Norte. Ele era considerado foragido. \nA pris\u00e3o foi feita no bairro S\u00edtio Cercado, em a\u00e7\u00e3o conjunta com a pol\u00edcia paraibana. O homem \u00e9 suspeito de roubo e de latroc\u00ednio - o roubo seguido de morte. \nCompartilhe no WhatsApp\nCompartilhe no Telegram\nDe acordo com a pol\u00edcia, em abril de 2021 o suspeito, acompanhado de outro indiv\u00edduo, explodiu uma ag\u00eancia banc\u00e1ria e levou o cofre intacto, em Riacho dos Cavalos, na Para\u00edba.  \nO homem preso nesta segunda tamb\u00e9m \u00e9 suspeito de, em dezembro de 2022, induzir uma v\u00edtima a ir a um lugar isolado para roubar a moto dela. No local, a v\u00edtima teria sido alvo de pauladas na cabe\u00e7a. O caso aconteceu Caic\u00f3, no Rio Grande do Norte.\n\u201cO homem fugiu de l\u00e1 para c\u00e1, se escondeu aqui, e n\u00f3s conseguimos localiz\u00e1-lo ap\u00f3s a PC-PB solicitar ajuda\u201d, afirmou o delegado da PC-PR Rodrigo Brown. \nLeia tamb\u00e9m:\nMinistro do STF aceita recurso do MP-PR e reconhece validade de provas do caso 'Di\u00e1rios Secretos'\nVereador de Piraquara \u00e9 preso em flagrante por agredir a esposa, diz pol\u00edcia\nV\u00cdDEO: Jovem de 19 anos \u00e9 atropelada por motorista com CNH vencida h\u00e1 6 anos em Araruna\nOs v\u00eddeos mais assistidos do g1 PR:\nMais not\u00edcias do estado em g1 Paran\u00e1.  ","protected":false},"excerpt":{"rendered":"<p>        Homem de 32 anos era considerado foragido e foi preso em Curitiba. Ele \u00e9 suspeito de roubo e de latroc\u00ednio &#8211; o roubo seguido de morte.  Pris\u00e3o foi fruto de a\u00e7\u00e3o conjunta das pol\u00edcias do Paran\u00e1 e da Para\u00edba<br \/>\n F\u00e1bio Dias\/EPR<br \/>\nA Pol\u00edcia Civil do Par&#8230;<\/p>\n","protected":false},"author":2,"featured_media":0,"comment_status":"closed","ping_status":"closed","sticky":false,"template":"","format":"standard","meta":{"advgb_blocks_editor_width":"","advgb_blocks_columns_visual_guide":"","footnotes":""},"categories":[34],"tags":[35],"class_list":["post-10946","post","type-post","status-publish","format-standard","hentry","category-g1","tag-g1"],"author_meta":{"display_name":"g1 &gt; Para\u00edba","author_link":"https:\/\/sindaopcpb.org.br\/author\/g1-paraiba\/"},"featured_img":null,"coauthors":[],"tax_additional":{"categories":{"linked":["<a href=\"https:\/\/sindaopcpb.org.br\/g1\/\" class=\"advgb-post-tax-term\">G1<\/a>"],"unlinked":["<span class=\"advgb-post-tax-term\">G1<\/span>"]},"tags":{"linked":["<a href=\"https:\/\/sindaopcpb.org.br\/g1\/\" class=\"advgb-post-tax-term\">g1<\/a>"],"unlinked":["<span class=\"advgb-post-tax-term\">g1<\/span>"]}},"comment_count":"0","relative_dates":{"created":"Publicado 3 anos atr\u00e1s","modified":"Atualizado 3 anos atr\u00e1s"},"absolute_dates":{"created":"Publicado em 13 de mar\u00e7o de 2023","modified":"Atualizado em 13 de mar\u00e7o de 2023"},"absolute_dates_time":{"created":"Publicado em 13 de mar\u00e7o de 2023 18:49","modified":"Atualizado em 13 de mar\u00e7o de 2023 18:49"},"featured_img_caption":"","series_order":"","_links":{"self":[{"href":"https:\/\/sindaopcpb.org.br\/index.php\/wp-json\/wp\/v2\/posts\/10946","targetHints":{"allow":["GET"]}}],"collection":[{"href":"https:\/\/sindaopcpb.org.br\/index.php\/wp-json\/wp\/v2\/posts"}],"about":[{"href":"https:\/\/sindaopcpb.org.br\/index.php\/wp-json\/wp\/v2\/types\/post"}],"author":[{"embeddable":true,"href":"https:\/\/sindaopcpb.org.br\/index.php\/wp-json\/wp\/v2\/users\/2"}],"replies":[{"embeddable":true,"href":"https:\/\/sindaopcpb.org.br\/index.php\/wp-json\/wp\/v2\/comments?post=10946"}],"version-history":[{"count":1,"href":"https:\/\/sindaopcpb.org.br\/index.php\/wp-json\/wp\/v2\/posts\/10946\/revisions"}],"predecessor-version":[{"id":10947,"href":"https:\/\/sindaopcpb.org.br\/index.php\/wp-json\/wp\/v2\/posts\/10946\/revisions\/10947"}],"wp:attachment":[{"href":"https:\/\/sindaopcpb.org.br\/index.php\/wp-json\/wp\/v2\/media?parent=10946"}],"wp:term":[{"taxonomy":"category","embeddable":true,"href":"https:\/\/sindaopcpb.org.br\/index.php\/wp-json\/wp\/v2\/categories?post=10946"},{"taxonomy":"post_tag","embeddable":true,"href":"https:\/\/sindaopcpb.org.br\/index.php\/wp-json\/wp\/v2\/tags?post=10946"}],"curies":[{"name":"wp","href":"https:\/\/api.w.org\/{rel}","templated":true}]}}