{"id":10913,"date":"2023-03-13T07:46:49","date_gmt":"2023-03-13T10:46:49","guid":{"rendered":"https:\/\/g1.globo.com\/pb\/paraiba\/noticia\/2023\/03\/13\/homem-e-morto-a-tiros-dentro-de-casa-em-joao-pessoa.ghtml"},"modified":"2023-03-13T07:46:49","modified_gmt":"2023-03-13T10:46:49","slug":"homem-e-morto-a-tiros-dentro-de-casa-em-joao-pessoa","status":"publish","type":"post","link":"https:\/\/sindaopcpb.org.br\/index.php\/2023\/03\/13\/homem-e-morto-a-tiros-dentro-de-casa-em-joao-pessoa\/","title":{"rendered":"Homem \u00e9 morto a tiros dentro de casa, em Jo\u00e3o Pessoa"},"content":{"rendered":"   <img src=\"https:\/\/s2.glbimg.com\/E_EHv2qVQzUOzGmMl6RAsZbYDjo=\/i.s3.glbimg.com\/v1\/AUTH_59edd422c0c84a879bd37670ae4f538a\/internal_photos\/bs\/2023\/o\/7\/25wy7yTSSByssqd5EVIQ\/whatsapp-image-2023-03-13-at-07.45.08.jpeg\" \/><br \/>     V\u00edtima estava na frente de casa quando foi abordado por suspeitos e, ao fugir para dentro da resid\u00eancia, foi baleado e morto com cerca de 15 tiros. Central de Pol\u00edcia de Jo\u00e3o Pessoa\nDivulga\u00e7\u00e3o\/Pol\u00edcia Civil da Para\u00edba\nUm homem de 26 anos, identificado como Alisson David Lima da Silva, foi morto a tiros na noite de domingo (12), dentro da resid\u00eancia onde morava, no bairro do Varadouro, na zona norte de Jo\u00e3o Pessoa.\nDe acordo com a Pol\u00edcia Civil, o crime ocorreu por volta das 20h, quando Alisson David estava na frente de casa e um carro se aproximou da v\u00edtima, com dois homens, armados e encapuzados, abordaram Alisson. \nA v\u00edtima ainda tentou fugir para dentro da resid\u00eancia onde morava, mas foi perseguido e baleado dentro de casa com cerca de 15 tiros. Ele morreu no local.\nOs suspeitos fugiram ap\u00f3s o crime e n\u00e3o foram localizados ou identificados. A Pol\u00edcia Civil investiga o caso para identificar a motiva\u00e7\u00e3o do crime.\nV\u00eddeos mais assistidos do g1 Para\u00edba  ","protected":false},"excerpt":{"rendered":"<p>        V\u00edtima estava na frente de casa quando foi abordado por suspeitos e, ao fugir para dentro da resid\u00eancia, foi baleado e morto com cerca de 15 tiros. Central de Pol\u00edcia de Jo\u00e3o Pessoa<br \/>\nDivulga\u00e7\u00e3o\/Pol\u00edcia Civil da Para\u00edba<br \/>\nUm homem de 26 anos, ident&#8230;<\/p>\n","protected":false},"author":2,"featured_media":0,"comment_status":"closed","ping_status":"closed","sticky":false,"template":"","format":"standard","meta":{"advgb_blocks_editor_width":"","advgb_blocks_columns_visual_guide":"","footnotes":""},"categories":[34],"tags":[35],"class_list":["post-10913","post","type-post","status-publish","format-standard","hentry","category-g1","tag-g1"],"author_meta":{"display_name":"g1 &gt; Para\u00edba","author_link":"https:\/\/sindaopcpb.org.br\/author\/g1-paraiba\/"},"featured_img":null,"coauthors":[],"tax_additional":{"categories":{"linked":["<a href=\"https:\/\/sindaopcpb.org.br\/g1\/\" class=\"advgb-post-tax-term\">G1<\/a>"],"unlinked":["<span class=\"advgb-post-tax-term\">G1<\/span>"]},"tags":{"linked":["<a href=\"https:\/\/sindaopcpb.org.br\/g1\/\" class=\"advgb-post-tax-term\">g1<\/a>"],"unlinked":["<span class=\"advgb-post-tax-term\">g1<\/span>"]}},"comment_count":"0","relative_dates":{"created":"Publicado 3 anos atr\u00e1s","modified":"Atualizado 3 anos atr\u00e1s"},"absolute_dates":{"created":"Publicado em 13 de mar\u00e7o de 2023","modified":"Atualizado em 13 de mar\u00e7o de 2023"},"absolute_dates_time":{"created":"Publicado em 13 de mar\u00e7o de 2023 07:46","modified":"Atualizado em 13 de mar\u00e7o de 2023 07:46"},"featured_img_caption":"","series_order":"","_links":{"self":[{"href":"https:\/\/sindaopcpb.org.br\/index.php\/wp-json\/wp\/v2\/posts\/10913","targetHints":{"allow":["GET"]}}],"collection":[{"href":"https:\/\/sindaopcpb.org.br\/index.php\/wp-json\/wp\/v2\/posts"}],"about":[{"href":"https:\/\/sindaopcpb.org.br\/index.php\/wp-json\/wp\/v2\/types\/post"}],"author":[{"embeddable":true,"href":"https:\/\/sindaopcpb.org.br\/index.php\/wp-json\/wp\/v2\/users\/2"}],"replies":[{"embeddable":true,"href":"https:\/\/sindaopcpb.org.br\/index.php\/wp-json\/wp\/v2\/comments?post=10913"}],"version-history":[{"count":1,"href":"https:\/\/sindaopcpb.org.br\/index.php\/wp-json\/wp\/v2\/posts\/10913\/revisions"}],"predecessor-version":[{"id":10914,"href":"https:\/\/sindaopcpb.org.br\/index.php\/wp-json\/wp\/v2\/posts\/10913\/revisions\/10914"}],"wp:attachment":[{"href":"https:\/\/sindaopcpb.org.br\/index.php\/wp-json\/wp\/v2\/media?parent=10913"}],"wp:term":[{"taxonomy":"category","embeddable":true,"href":"https:\/\/sindaopcpb.org.br\/index.php\/wp-json\/wp\/v2\/categories?post=10913"},{"taxonomy":"post_tag","embeddable":true,"href":"https:\/\/sindaopcpb.org.br\/index.php\/wp-json\/wp\/v2\/tags?post=10913"}],"curies":[{"name":"wp","href":"https:\/\/api.w.org\/{rel}","templated":true}]}}