{"id":10843,"date":"2023-03-10T19:58:06","date_gmt":"2023-03-10T22:58:06","guid":{"rendered":"https:\/\/g1.globo.com\/pb\/paraiba\/noticia\/2023\/03\/10\/ufpb-emite-nota-e-diz-que-nao-vai-pagar-de-forma-imediata-reajuste-de-bolsas-a-estudantes.ghtml"},"modified":"2023-03-10T19:58:06","modified_gmt":"2023-03-10T22:58:06","slug":"ufpb-emite-nota-e-diz-que-nao-vai-pagar-de-forma-imediata-reajuste-de-bolsas-a-estudantes","status":"publish","type":"post","link":"https:\/\/sindaopcpb.org.br\/index.php\/2023\/03\/10\/ufpb-emite-nota-e-diz-que-nao-vai-pagar-de-forma-imediata-reajuste-de-bolsas-a-estudantes\/","title":{"rendered":"UFPB emite nota e diz que n\u00e3o vai pagar de forma imediata reajuste de bolsas a estudantes"},"content":{"rendered":"   <img src=\"https:\/\/s2.glbimg.com\/w29XGK52k6W1JNtzviWzqocHPo0=\/i.s3.glbimg.com\/v1\/AUTH_59edd422c0c84a879bd37670ae4f538a\/internal_photos\/bs\/2021\/1\/5\/d0U9PGSYWmPPBoW8yXiw\/ufpb.jpg\" \/><br \/>     Reitoria alega que n\u00e3o possui previs\u00e3o or\u00e7ament\u00e1ria para elevar os valores. UFPB emite nota sobre bolsas\nUFPB\/Divulga\u00e7\u00e3o\nOs estudantes da Universidade Federal da Para\u00edba (UFPB) que possuem bolsas de inicia\u00e7\u00e3o cient\u00edfica, mestrado e doutorado do CNPq e da Capes n\u00e3o receber\u00e3o o valor reajustado pelo Governo Federal. Ao menos n\u00e3o imediatamente. A informa\u00e7\u00e3o foi repassada por meio de nota pela Reitoria da institui\u00e7\u00e3o, que alega que n\u00e3o possui previs\u00e3o or\u00e7ament\u00e1ria para elevar os valores.\nA nota assinada pelo reitor Valdiney Veloso Gouveia destaca que o reajuste \u00e9 \u201cjusto\u201d, mas que apesar disso n\u00e3o tem dinheiro para tanto, j\u00e1 que o reajuste significar\u00e1 \u201cum impacto de R$ 7,2 milh\u00f5es de seus recursos discricion\u00e1rios\u201d.\nO g1 procurou o Minist\u00e9rio da Educa\u00e7\u00e3o, mas os telefonemas n\u00e3o foram atendidos.\nNo documento, \u00e9 destacado ainda que a Associa\u00e7\u00e3o Nacional dos Dirigentes das Institui\u00e7\u00f5es Federais de Ensino Superior (Andifes) j\u00e1 encaminhou of\u00edcio ao ministro da Educa\u00e7\u00e3o, Camilo Santana, informando que as universidades carecem de recursos para \u201cpromover o imediato reajuste das bolsas sem o repasse de verba por parte do Governo Federal\u201d. \nA UFPB, assim, informou que s\u00f3 far\u00e1 o reajuste quando recursos suplementares forem enviados, mas admitiu a possibilidade de fazer  pagamento retroativo da diferen\u00e7a quando isso acontecer.\nV\u00eddeos mais assistidos da Para\u00edba  ","protected":false},"excerpt":{"rendered":"<p>        Reitoria alega que n\u00e3o possui previs\u00e3o or\u00e7ament\u00e1ria para elevar os valores. UFPB emite nota sobre bolsas<br \/>\nUFPB\/Divulga\u00e7\u00e3o<br \/>\nOs estudantes da Universidade Federal da Para\u00edba (UFPB) que possuem bolsas de inicia\u00e7\u00e3o cient\u00edfica, mestrado e doutorado do&#8230;<\/p>\n","protected":false},"author":2,"featured_media":0,"comment_status":"closed","ping_status":"closed","sticky":false,"template":"","format":"standard","meta":{"advgb_blocks_editor_width":"","advgb_blocks_columns_visual_guide":"","footnotes":""},"categories":[34],"tags":[35],"class_list":["post-10843","post","type-post","status-publish","format-standard","hentry","category-g1","tag-g1"],"author_meta":{"display_name":"g1 &gt; Para\u00edba","author_link":"https:\/\/sindaopcpb.org.br\/author\/g1-paraiba\/"},"featured_img":null,"coauthors":[],"tax_additional":{"categories":{"linked":["<a href=\"https:\/\/sindaopcpb.org.br\/g1\/\" class=\"advgb-post-tax-term\">G1<\/a>"],"unlinked":["<span class=\"advgb-post-tax-term\">G1<\/span>"]},"tags":{"linked":["<a href=\"https:\/\/sindaopcpb.org.br\/g1\/\" class=\"advgb-post-tax-term\">g1<\/a>"],"unlinked":["<span class=\"advgb-post-tax-term\">g1<\/span>"]}},"comment_count":"0","relative_dates":{"created":"Publicado 3 anos atr\u00e1s","modified":"Atualizado 3 anos atr\u00e1s"},"absolute_dates":{"created":"Publicado em 10 de mar\u00e7o de 2023","modified":"Atualizado em 10 de mar\u00e7o de 2023"},"absolute_dates_time":{"created":"Publicado em 10 de mar\u00e7o de 2023 19:58","modified":"Atualizado em 10 de mar\u00e7o de 2023 19:58"},"featured_img_caption":"","series_order":"","_links":{"self":[{"href":"https:\/\/sindaopcpb.org.br\/index.php\/wp-json\/wp\/v2\/posts\/10843","targetHints":{"allow":["GET"]}}],"collection":[{"href":"https:\/\/sindaopcpb.org.br\/index.php\/wp-json\/wp\/v2\/posts"}],"about":[{"href":"https:\/\/sindaopcpb.org.br\/index.php\/wp-json\/wp\/v2\/types\/post"}],"author":[{"embeddable":true,"href":"https:\/\/sindaopcpb.org.br\/index.php\/wp-json\/wp\/v2\/users\/2"}],"replies":[{"embeddable":true,"href":"https:\/\/sindaopcpb.org.br\/index.php\/wp-json\/wp\/v2\/comments?post=10843"}],"version-history":[{"count":1,"href":"https:\/\/sindaopcpb.org.br\/index.php\/wp-json\/wp\/v2\/posts\/10843\/revisions"}],"predecessor-version":[{"id":10844,"href":"https:\/\/sindaopcpb.org.br\/index.php\/wp-json\/wp\/v2\/posts\/10843\/revisions\/10844"}],"wp:attachment":[{"href":"https:\/\/sindaopcpb.org.br\/index.php\/wp-json\/wp\/v2\/media?parent=10843"}],"wp:term":[{"taxonomy":"category","embeddable":true,"href":"https:\/\/sindaopcpb.org.br\/index.php\/wp-json\/wp\/v2\/categories?post=10843"},{"taxonomy":"post_tag","embeddable":true,"href":"https:\/\/sindaopcpb.org.br\/index.php\/wp-json\/wp\/v2\/tags?post=10843"}],"curies":[{"name":"wp","href":"https:\/\/api.w.org\/{rel}","templated":true}]}}