{"id":10793,"date":"2023-03-09T17:27:44","date_gmt":"2023-03-09T20:27:44","guid":{"rendered":"https:\/\/g1.globo.com\/pb\/paraiba\/noticia\/2023\/03\/09\/viagens-de-trens-sao-suspensas-entre-joao-pessoa-e-santa-rita.ghtml"},"modified":"2023-03-09T17:27:44","modified_gmt":"2023-03-09T20:27:44","slug":"viagens-de-trens-sao-suspensas-entre-joao-pessoa-e-santa-rita","status":"publish","type":"post","link":"https:\/\/sindaopcpb.org.br\/index.php\/2023\/03\/09\/viagens-de-trens-sao-suspensas-entre-joao-pessoa-e-santa-rita\/","title":{"rendered":"Viagens de trens s\u00e3o suspensas entre Jo\u00e3o Pessoa e Santa Rita"},"content":{"rendered":"   <img src=\"https:\/\/s2.glbimg.com\/U0jkq9TXjZyJjbOoR2MgpQo2iFk=\/i.s3.glbimg.com\/v1\/AUTH_59edd422c0c84a879bd37670ae4f538a\/internal_photos\/bs\/2018\/A\/F\/Od3v8uR9OIjEj9Q2gqJw\/vlt-jp.jpg\" \/><br \/>     Suspens\u00e3o \u00e9 em decorr\u00eancia de obras de recupera\u00e7\u00e3o estrutural em uma ponte. Viagens para Cabedelo est\u00e3o mantidas. Trens e VLT's  na Grande Jo\u00e3o Pessoa\nEveraldo Ricardo\/Comak - CBTU\/Divulga\u00e7\u00e3o\nAs viagens de trens est\u00e3o suspensas  no trecho ferrovi\u00e1rio entre as esta\u00e7\u00f5es de Jo\u00e3o Pessoa e Santa Rita. A informa\u00e7\u00e3o foi divulgada pela Companhia Brasileira de Trens Urbanos (CBTU)  nesta quinta-feira (9). \nDe acordo com a CBTU Jo\u00e3o Pessoa, a suspens\u00e3o \u00e9 em decorr\u00eancia de obras de recupera\u00e7\u00e3o estrutural na ponte entre o bairro do Alto do Mateus e o munic\u00edpio de Bayeux.\nA data para o fim da suspens\u00e3o n\u00e3o foi divulgada, mas a CBTU Jo\u00e3o Pessoa garantiu que est\u00e3o trabalhando para o restabelecimento das viagens o mais breve poss\u00edvel.\nAs viagens de trens entre as esta\u00e7\u00f5es de Jo\u00e3o Pessoa e Cabedelo est\u00e3o mantidas. \nV\u00eddeos mais assistidos do g1 Para\u00edba  ","protected":false},"excerpt":{"rendered":"<p>        Suspens\u00e3o \u00e9 em decorr\u00eancia de obras de recupera\u00e7\u00e3o estrutural em uma ponte. Viagens para Cabedelo est\u00e3o mantidas. Trens e VLT&#8217;s  na Grande Jo\u00e3o Pessoa<br \/>\nEveraldo Ricardo\/Comak &#8211; CBTU\/Divulga\u00e7\u00e3o<br \/>\nAs viagens de trens est\u00e3o suspensas  no trecho ferro&#8230;<\/p>\n","protected":false},"author":2,"featured_media":0,"comment_status":"closed","ping_status":"closed","sticky":false,"template":"","format":"standard","meta":{"advgb_blocks_editor_width":"","advgb_blocks_columns_visual_guide":"","footnotes":""},"categories":[34],"tags":[35],"class_list":["post-10793","post","type-post","status-publish","format-standard","hentry","category-g1","tag-g1"],"author_meta":{"display_name":"g1 &gt; Para\u00edba","author_link":"https:\/\/sindaopcpb.org.br\/author\/g1-paraiba\/"},"featured_img":null,"coauthors":[],"tax_additional":{"categories":{"linked":["<a href=\"https:\/\/sindaopcpb.org.br\/g1\/\" class=\"advgb-post-tax-term\">G1<\/a>"],"unlinked":["<span class=\"advgb-post-tax-term\">G1<\/span>"]},"tags":{"linked":["<a href=\"https:\/\/sindaopcpb.org.br\/g1\/\" class=\"advgb-post-tax-term\">g1<\/a>"],"unlinked":["<span class=\"advgb-post-tax-term\">g1<\/span>"]}},"comment_count":"0","relative_dates":{"created":"Publicado 3 anos atr\u00e1s","modified":"Atualizado 3 anos atr\u00e1s"},"absolute_dates":{"created":"Publicado em 9 de mar\u00e7o de 2023","modified":"Atualizado em 9 de mar\u00e7o de 2023"},"absolute_dates_time":{"created":"Publicado em 9 de mar\u00e7o de 2023 17:27","modified":"Atualizado em 9 de mar\u00e7o de 2023 17:27"},"featured_img_caption":"","series_order":"","_links":{"self":[{"href":"https:\/\/sindaopcpb.org.br\/index.php\/wp-json\/wp\/v2\/posts\/10793","targetHints":{"allow":["GET"]}}],"collection":[{"href":"https:\/\/sindaopcpb.org.br\/index.php\/wp-json\/wp\/v2\/posts"}],"about":[{"href":"https:\/\/sindaopcpb.org.br\/index.php\/wp-json\/wp\/v2\/types\/post"}],"author":[{"embeddable":true,"href":"https:\/\/sindaopcpb.org.br\/index.php\/wp-json\/wp\/v2\/users\/2"}],"replies":[{"embeddable":true,"href":"https:\/\/sindaopcpb.org.br\/index.php\/wp-json\/wp\/v2\/comments?post=10793"}],"version-history":[{"count":1,"href":"https:\/\/sindaopcpb.org.br\/index.php\/wp-json\/wp\/v2\/posts\/10793\/revisions"}],"predecessor-version":[{"id":10794,"href":"https:\/\/sindaopcpb.org.br\/index.php\/wp-json\/wp\/v2\/posts\/10793\/revisions\/10794"}],"wp:attachment":[{"href":"https:\/\/sindaopcpb.org.br\/index.php\/wp-json\/wp\/v2\/media?parent=10793"}],"wp:term":[{"taxonomy":"category","embeddable":true,"href":"https:\/\/sindaopcpb.org.br\/index.php\/wp-json\/wp\/v2\/categories?post=10793"},{"taxonomy":"post_tag","embeddable":true,"href":"https:\/\/sindaopcpb.org.br\/index.php\/wp-json\/wp\/v2\/tags?post=10793"}],"curies":[{"name":"wp","href":"https:\/\/api.w.org\/{rel}","templated":true}]}}