{"id":10731,"date":"2023-03-08T13:06:01","date_gmt":"2023-03-08T16:06:01","guid":{"rendered":"https:\/\/g1.globo.com\/pb\/paraiba\/noticia\/2023\/03\/08\/justica-nega-pedido-de-revogacao-de-prisao-de-advogado-que-atropelou-motoboy-na-pb.ghtml"},"modified":"2023-03-08T13:06:01","modified_gmt":"2023-03-08T16:06:01","slug":"justica-nega-pedido-de-revogacao-de-prisao-de-advogado-que-atropelou-motoboy-na-pb","status":"publish","type":"post","link":"https:\/\/sindaopcpb.org.br\/index.php\/2023\/03\/08\/justica-nega-pedido-de-revogacao-de-prisao-de-advogado-que-atropelou-motoboy-na-pb\/","title":{"rendered":"Justi\u00e7a nega pedido de revoga\u00e7\u00e3o de pris\u00e3o de advogado que atropelou motoboy na PB"},"content":{"rendered":"   <img src=\"https:\/\/s2.glbimg.com\/Ws5eZHlwig05QrF3Tt1ETptoSJ0=\/i.s3.glbimg.com\/v1\/AUTH_59edd422c0c84a879bd37670ae4f538a\/internal_photos\/bs\/2022\/6\/T\/QMGD5UT1CVgeiBrQ8wMA\/presidio-especial-do-valentina.jpeg\" \/><br \/>     Na decis\u00e3o, o juiz manteve a pris\u00e3o do acusado, que foi encaminhado para o Pres\u00eddio Especial Valentina Figueiredo, em Jo\u00e3o Pessoa, na ter\u00e7a (7). Pres\u00eddio Especial do Valentina, em Jo\u00e3o Pessoa\nTJPB\/Divulga\u00e7\u00e3o\nA Justi\u00e7a negou nesta quarta-feira (8) um pedido de revoga\u00e7\u00e3o de pris\u00e3o feito pela defesa do advogado acusado de atropelar um motoboy, em Campina Grande, ap\u00f3s achar que ele tinha o assaltado. Pedro M\u00e1rio Freitas est\u00e1 preso no Pres\u00eddio Especial Valentina Figueiredo, em Jo\u00e3o Pessoa.\nCompartilhe no Whatsapp\nCompartilhe no Telegram\nA defesa do advogado havia pedido a revoga\u00e7\u00e3o ou a pris\u00e3o domiciliar dele. Na decis\u00e3o, o juiz Hor\u00e1cio Melo manteve a pris\u00e3o do acusado, que foi encaminhado para o Pres\u00eddio Especial Valentina Figueiredo, em Jo\u00e3o Pessoa, na ter\u00e7a-feira (7), ap\u00f3s audi\u00eancia de cust\u00f3dia.\nO g1 entrou em contato com a defesa do advogado Pedro M\u00e1rio Freitas para obter respostas sobre o caso, mas n\u00e3o obteve retorno at\u00e9 a publica\u00e7\u00e3o desta mat\u00e9ria.\nO acusado se apresentou \u00e0 Pol\u00edcia Civil na segunda-feira (6). De acordo com Ramirez S\u00e3o Pedro, delegado da Pol\u00edcia Civil em Campina Grande, ele prestou esclarecimentos e foi indiciado por crimes como tentativa de homic\u00eddio qualificado, inj\u00faria e embriaguez ao volante.\nNa ter\u00e7a (7), em audi\u00eancia de cust\u00f3dia, a ju\u00edza Ivna Mozart Bezerra Soares definiu que ele deveria permanecer preso. Por ser advogado, ele foi encaminhado para uma de sala de Estado-Maior, separado dos demais detentos.\nAl\u00e9m da pris\u00e3o, o advogado tamb\u00e9m foi exonerado pela Assembleia Legislativa da Para\u00edba (ALPB). Ele exercia o cargo de assessor operacional na ALPB. A Presidente em exerc\u00edcio da OAB Subse\u00e7\u00e3o Campina Grande, Dra. Carla Felinto, informou que o \u00f3rg\u00e3o deve abrir um Processo \u00c9tico Disciplinar que julgar\u00e1 o caso no \u00e2mbito da OAB, j\u00e1 que o motorista \u00e9 advogado.\nPedro M\u00e1rio tamb\u00e9m foi afastado do cargo de assessor jur\u00eddico do n\u00facleo de ouvidoria do Hospital de Emerg\u00eancia e Trauma Dom Luiz Gonzaga Fernandes, em Campina Grande. A decis\u00e3o foi tomada pela diretoria da unidade e o Secret\u00e1rio Estadual de Sa\u00fade, Jhony Bezerra, endossou o afastamento.\nEntenda o caso\nDe acordo com a Pol\u00edcia Civil, o primeiro assalto teria acontecido em um bar localizado entre os bairros do Catol\u00e9 e Jos\u00e9 Pinheiro. O homem que atropelou o motociclista estava no local e teve um celular roubado.\nDepois de ser assaltado, ele come\u00e7ou a perseguir os suspeitos do assalto. Alguns metros depois, viu o motociclista. De acordo com o relato do policial militar que foi acionado para o caso, ele teria relacionado as caracter\u00edsticas da motocicleta da v\u00edtima com as dos assaltantes.\nQuando viu a v\u00edtima, que estava parada em um estacionamento, o homem o atropelou com o carro. Depois do atropelamento, enquanto o motociclista o filmava, o motorista ainda saiu do carro e agrediu. Ap\u00f3s a agress\u00e3o, ele fugiu do local.\nV\u00eddeos mais assistidos do g1 Para\u00edba  ","protected":false},"excerpt":{"rendered":"<p>        Na decis\u00e3o, o juiz manteve a pris\u00e3o do acusado, que foi encaminhado para o Pres\u00eddio Especial Valentina Figueiredo, em Jo\u00e3o Pessoa, na ter\u00e7a (7). Pres\u00eddio Especial do Valentina, em Jo\u00e3o Pessoa<br \/>\nTJPB\/Divulga\u00e7\u00e3o<br \/>\nA Justi\u00e7a negou nesta quarta-feira (&#8230;<\/p>\n","protected":false},"author":2,"featured_media":0,"comment_status":"closed","ping_status":"closed","sticky":false,"template":"","format":"standard","meta":{"advgb_blocks_editor_width":"","advgb_blocks_columns_visual_guide":"","footnotes":""},"categories":[34],"tags":[35],"class_list":["post-10731","post","type-post","status-publish","format-standard","hentry","category-g1","tag-g1"],"author_meta":{"display_name":"g1 &gt; Para\u00edba","author_link":"https:\/\/sindaopcpb.org.br\/author\/g1-paraiba\/"},"featured_img":null,"coauthors":[],"tax_additional":{"categories":{"linked":["<a href=\"https:\/\/sindaopcpb.org.br\/g1\/\" class=\"advgb-post-tax-term\">G1<\/a>"],"unlinked":["<span class=\"advgb-post-tax-term\">G1<\/span>"]},"tags":{"linked":["<a href=\"https:\/\/sindaopcpb.org.br\/g1\/\" class=\"advgb-post-tax-term\">g1<\/a>"],"unlinked":["<span class=\"advgb-post-tax-term\">g1<\/span>"]}},"comment_count":"0","relative_dates":{"created":"Publicado 3 anos atr\u00e1s","modified":"Atualizado 3 anos atr\u00e1s"},"absolute_dates":{"created":"Publicado em 8 de mar\u00e7o de 2023","modified":"Atualizado em 8 de mar\u00e7o de 2023"},"absolute_dates_time":{"created":"Publicado em 8 de mar\u00e7o de 2023 13:06","modified":"Atualizado em 8 de mar\u00e7o de 2023 13:06"},"featured_img_caption":"","series_order":"","_links":{"self":[{"href":"https:\/\/sindaopcpb.org.br\/index.php\/wp-json\/wp\/v2\/posts\/10731","targetHints":{"allow":["GET"]}}],"collection":[{"href":"https:\/\/sindaopcpb.org.br\/index.php\/wp-json\/wp\/v2\/posts"}],"about":[{"href":"https:\/\/sindaopcpb.org.br\/index.php\/wp-json\/wp\/v2\/types\/post"}],"author":[{"embeddable":true,"href":"https:\/\/sindaopcpb.org.br\/index.php\/wp-json\/wp\/v2\/users\/2"}],"replies":[{"embeddable":true,"href":"https:\/\/sindaopcpb.org.br\/index.php\/wp-json\/wp\/v2\/comments?post=10731"}],"version-history":[{"count":1,"href":"https:\/\/sindaopcpb.org.br\/index.php\/wp-json\/wp\/v2\/posts\/10731\/revisions"}],"predecessor-version":[{"id":10732,"href":"https:\/\/sindaopcpb.org.br\/index.php\/wp-json\/wp\/v2\/posts\/10731\/revisions\/10732"}],"wp:attachment":[{"href":"https:\/\/sindaopcpb.org.br\/index.php\/wp-json\/wp\/v2\/media?parent=10731"}],"wp:term":[{"taxonomy":"category","embeddable":true,"href":"https:\/\/sindaopcpb.org.br\/index.php\/wp-json\/wp\/v2\/categories?post=10731"},{"taxonomy":"post_tag","embeddable":true,"href":"https:\/\/sindaopcpb.org.br\/index.php\/wp-json\/wp\/v2\/tags?post=10731"}],"curies":[{"name":"wp","href":"https:\/\/api.w.org\/{rel}","templated":true}]}}