{"id":10727,"date":"2023-03-08T12:18:22","date_gmt":"2023-03-08T15:18:22","guid":{"rendered":"https:\/\/g1.globo.com\/pb\/paraiba\/noticia\/2023\/03\/08\/incendios-sao-registrados-em-casa-e-apartamento-em-joao-pessoa.ghtml"},"modified":"2023-03-08T12:18:22","modified_gmt":"2023-03-08T15:18:22","slug":"incendios-sao-registrados-em-casa-e-apartamento-em-joao-pessoa","status":"publish","type":"post","link":"https:\/\/sindaopcpb.org.br\/index.php\/2023\/03\/08\/incendios-sao-registrados-em-casa-e-apartamento-em-joao-pessoa\/","title":{"rendered":"Inc\u00eandios s\u00e3o registrados em casa e apartamento em Jo\u00e3o Pessoa"},"content":{"rendered":"   <img src=\"https:\/\/s2.glbimg.com\/KSvrsJ62nn54DqMeQjJ1tUM8qao=\/i.s3.glbimg.com\/v1\/AUTH_59edd422c0c84a879bd37670ae4f538a\/internal_photos\/bs\/2023\/3\/2\/HquLODQGA9VGSd1FDtqQ\/incendio-joao-pessoa.jpg\" \/><br \/>     Segundo o Corpo de Bombeiros, nenhuma pessoa ficou ferida. Dois inc\u00eandios s\u00e3o registrados em resid\u00eancias em Jo\u00e3o Pessoa\nReprodu\u00e7\u00e3o\/TV Cabo Branco\nDois inc\u00eandios foram registrados em Jo\u00e3o Pessoa na manh\u00e3 desta quarta-feira (8). Segundo o Corpo de Bombeiros, um inc\u00eandio aconteceu em um apartamento no Bairro dos Novais e o outro em uma casa no bairro Padre Z\u00e9.\nNo Bairro dos Novais, um dos apartamentos localizado no terceiro andar de um pr\u00e9dio que fica em um residencial pegou fogo por volta das 9h. Seis carros do Corpo de Bombeiros foram enviados para conter as chamas e nenhuma pessoa ficou ferida. \nJ\u00e1 no bairro Padre Z\u00e9, uma mulher perdeu tudo ap\u00f3s um inc\u00eandio destruir a casa onde ela morava. O Corpo de Bombeiros tamb\u00e9m foi acionado e conseguiu controlar as chamas. A mulher n\u00e3o ficou ferida.\nV\u00eddeos mais assistidos do g1 Para\u00edba  ","protected":false},"excerpt":{"rendered":"<p>        Segundo o Corpo de Bombeiros, nenhuma pessoa ficou ferida. Dois inc\u00eandios s\u00e3o registrados em resid\u00eancias em Jo\u00e3o Pessoa<br \/>\nReprodu\u00e7\u00e3o\/TV Cabo Branco<br \/>\nDois inc\u00eandios foram registrados em Jo\u00e3o Pessoa na manh\u00e3 desta quarta-feira (8). Segundo o Corpo d&#8230;<\/p>\n","protected":false},"author":2,"featured_media":0,"comment_status":"closed","ping_status":"closed","sticky":false,"template":"","format":"standard","meta":{"advgb_blocks_editor_width":"","advgb_blocks_columns_visual_guide":"","footnotes":""},"categories":[34],"tags":[35],"class_list":["post-10727","post","type-post","status-publish","format-standard","hentry","category-g1","tag-g1"],"author_meta":{"display_name":"g1 &gt; Para\u00edba","author_link":"https:\/\/sindaopcpb.org.br\/author\/g1-paraiba\/"},"featured_img":null,"coauthors":[],"tax_additional":{"categories":{"linked":["<a href=\"https:\/\/sindaopcpb.org.br\/g1\/\" class=\"advgb-post-tax-term\">G1<\/a>"],"unlinked":["<span class=\"advgb-post-tax-term\">G1<\/span>"]},"tags":{"linked":["<a href=\"https:\/\/sindaopcpb.org.br\/g1\/\" class=\"advgb-post-tax-term\">g1<\/a>"],"unlinked":["<span class=\"advgb-post-tax-term\">g1<\/span>"]}},"comment_count":"0","relative_dates":{"created":"Publicado 3 anos atr\u00e1s","modified":"Atualizado 3 anos atr\u00e1s"},"absolute_dates":{"created":"Publicado em 8 de mar\u00e7o de 2023","modified":"Atualizado em 8 de mar\u00e7o de 2023"},"absolute_dates_time":{"created":"Publicado em 8 de mar\u00e7o de 2023 12:18","modified":"Atualizado em 8 de mar\u00e7o de 2023 12:18"},"featured_img_caption":"","series_order":"","_links":{"self":[{"href":"https:\/\/sindaopcpb.org.br\/index.php\/wp-json\/wp\/v2\/posts\/10727","targetHints":{"allow":["GET"]}}],"collection":[{"href":"https:\/\/sindaopcpb.org.br\/index.php\/wp-json\/wp\/v2\/posts"}],"about":[{"href":"https:\/\/sindaopcpb.org.br\/index.php\/wp-json\/wp\/v2\/types\/post"}],"author":[{"embeddable":true,"href":"https:\/\/sindaopcpb.org.br\/index.php\/wp-json\/wp\/v2\/users\/2"}],"replies":[{"embeddable":true,"href":"https:\/\/sindaopcpb.org.br\/index.php\/wp-json\/wp\/v2\/comments?post=10727"}],"version-history":[{"count":1,"href":"https:\/\/sindaopcpb.org.br\/index.php\/wp-json\/wp\/v2\/posts\/10727\/revisions"}],"predecessor-version":[{"id":10728,"href":"https:\/\/sindaopcpb.org.br\/index.php\/wp-json\/wp\/v2\/posts\/10727\/revisions\/10728"}],"wp:attachment":[{"href":"https:\/\/sindaopcpb.org.br\/index.php\/wp-json\/wp\/v2\/media?parent=10727"}],"wp:term":[{"taxonomy":"category","embeddable":true,"href":"https:\/\/sindaopcpb.org.br\/index.php\/wp-json\/wp\/v2\/categories?post=10727"},{"taxonomy":"post_tag","embeddable":true,"href":"https:\/\/sindaopcpb.org.br\/index.php\/wp-json\/wp\/v2\/tags?post=10727"}],"curies":[{"name":"wp","href":"https:\/\/api.w.org\/{rel}","templated":true}]}}