{"id":10715,"date":"2023-03-08T06:57:45","date_gmt":"2023-03-08T09:57:45","guid":{"rendered":"https:\/\/g1.globo.com\/pb\/paraiba\/noticia\/2023\/03\/08\/jovem-e-morto-a-tiros-dentro-de-casa-em-lucena-na-grande-joao-pessoa.ghtml"},"modified":"2023-03-08T06:57:45","modified_gmt":"2023-03-08T09:57:45","slug":"jovem-e-morto-a-tiros-dentro-de-casa-em-lucena-na-grande-joao-pessoa","status":"publish","type":"post","link":"https:\/\/sindaopcpb.org.br\/index.php\/2023\/03\/08\/jovem-e-morto-a-tiros-dentro-de-casa-em-lucena-na-grande-joao-pessoa\/","title":{"rendered":"Jovem \u00e9 morto a tiros dentro de casa, em Lucena, na Grande Jo\u00e3o Pessoa"},"content":{"rendered":"   <img src=\"https:\/\/s2.glbimg.com\/d3qFxlQ1CJBz5rapivnAF2ev9WU=\/i.s3.glbimg.com\/v1\/AUTH_59edd422c0c84a879bd37670ae4f538a\/internal_photos\/bs\/2023\/p\/E\/rC5VPoQdKnpAuoOVKpDw\/whatsapp-image-2023-02-08-at-06.58.58.jpeg\" \/><br \/>     V\u00edtima foi atingida por dois disparos na regi\u00e3o da cabe\u00e7a. Crime aconteceu no bairro Carrapeta, na noite de ter\u00e7a (7). Central de Pol\u00edcia de Jo\u00e3o Pessoa\nDivulga\u00e7\u00e3o\/Assessoria de Comunica\u00e7\u00e3o da Pol\u00edcia Civil da Para\u00edba\nUm homem de 20 anos, identificado como Jos\u00e9 Henrique Pereira da Silva, foi morto a tiros por uma dupla na resid\u00eancia onde morava na noite de ter\u00e7a-feira (7), em Lucena, na Grande Jo\u00e3o Pessoa.\nDe acordo com a Pol\u00edcia Civil, o crime ocorreu por volta das 22h, no bairro Carrapeta, quando duas pessoas entraram na casa onde Jos\u00e9 Henrique Pereira da Silva morava e um dos suspeitos disparou dois tiros de arma de fogo. Os tiros atingiram a regi\u00e3o da cabe\u00e7a da v\u00edtima, que morreu no local.\nDe acordo com o pai da v\u00edtima \u00e0 TV Cabo Branco, os suspeitos fugiram do local ap\u00f3s o crime e n\u00e3o levaram nenhum objeto de valor da resid\u00eancia onde a v\u00edtima morava. A dupla suspeita de participar do crime n\u00e3o foi identificada e localizada, e o crime est\u00e1 sendo investigado.\nV\u00eddeos mais assistidos do g1 Para\u00edba  ","protected":false},"excerpt":{"rendered":"<p>        V\u00edtima foi atingida por dois disparos na regi\u00e3o da cabe\u00e7a. Crime aconteceu no bairro Carrapeta, na noite de ter\u00e7a (7). Central de Pol\u00edcia de Jo\u00e3o Pessoa<br \/>\nDivulga\u00e7\u00e3o\/Assessoria de Comunica\u00e7\u00e3o da Pol\u00edcia Civil da Para\u00edba<br \/>\nUm homem de 20 anos, ident&#8230;<\/p>\n","protected":false},"author":2,"featured_media":0,"comment_status":"closed","ping_status":"closed","sticky":false,"template":"","format":"standard","meta":{"advgb_blocks_editor_width":"","advgb_blocks_columns_visual_guide":"","footnotes":""},"categories":[34],"tags":[35],"class_list":["post-10715","post","type-post","status-publish","format-standard","hentry","category-g1","tag-g1"],"author_meta":{"display_name":"g1 &gt; Para\u00edba","author_link":"https:\/\/sindaopcpb.org.br\/author\/g1-paraiba\/"},"featured_img":null,"coauthors":[],"tax_additional":{"categories":{"linked":["<a href=\"https:\/\/sindaopcpb.org.br\/g1\/\" class=\"advgb-post-tax-term\">G1<\/a>"],"unlinked":["<span class=\"advgb-post-tax-term\">G1<\/span>"]},"tags":{"linked":["<a href=\"https:\/\/sindaopcpb.org.br\/g1\/\" class=\"advgb-post-tax-term\">g1<\/a>"],"unlinked":["<span class=\"advgb-post-tax-term\">g1<\/span>"]}},"comment_count":"0","relative_dates":{"created":"Publicado 3 anos atr\u00e1s","modified":"Atualizado 3 anos atr\u00e1s"},"absolute_dates":{"created":"Publicado em 8 de mar\u00e7o de 2023","modified":"Atualizado em 8 de mar\u00e7o de 2023"},"absolute_dates_time":{"created":"Publicado em 8 de mar\u00e7o de 2023 06:57","modified":"Atualizado em 8 de mar\u00e7o de 2023 06:57"},"featured_img_caption":"","series_order":"","_links":{"self":[{"href":"https:\/\/sindaopcpb.org.br\/index.php\/wp-json\/wp\/v2\/posts\/10715","targetHints":{"allow":["GET"]}}],"collection":[{"href":"https:\/\/sindaopcpb.org.br\/index.php\/wp-json\/wp\/v2\/posts"}],"about":[{"href":"https:\/\/sindaopcpb.org.br\/index.php\/wp-json\/wp\/v2\/types\/post"}],"author":[{"embeddable":true,"href":"https:\/\/sindaopcpb.org.br\/index.php\/wp-json\/wp\/v2\/users\/2"}],"replies":[{"embeddable":true,"href":"https:\/\/sindaopcpb.org.br\/index.php\/wp-json\/wp\/v2\/comments?post=10715"}],"version-history":[{"count":1,"href":"https:\/\/sindaopcpb.org.br\/index.php\/wp-json\/wp\/v2\/posts\/10715\/revisions"}],"predecessor-version":[{"id":10716,"href":"https:\/\/sindaopcpb.org.br\/index.php\/wp-json\/wp\/v2\/posts\/10715\/revisions\/10716"}],"wp:attachment":[{"href":"https:\/\/sindaopcpb.org.br\/index.php\/wp-json\/wp\/v2\/media?parent=10715"}],"wp:term":[{"taxonomy":"category","embeddable":true,"href":"https:\/\/sindaopcpb.org.br\/index.php\/wp-json\/wp\/v2\/categories?post=10715"},{"taxonomy":"post_tag","embeddable":true,"href":"https:\/\/sindaopcpb.org.br\/index.php\/wp-json\/wp\/v2\/tags?post=10715"}],"curies":[{"name":"wp","href":"https:\/\/api.w.org\/{rel}","templated":true}]}}