{"id":10704,"date":"2023-03-07T17:41:33","date_gmt":"2023-03-07T20:41:33","guid":{"rendered":"https:\/\/g1.globo.com\/pb\/paraiba\/noticia\/2023\/03\/07\/saiba-onde-se-vacinar-contra-a-covid-19-em-joao-pessoa-nesta-quarta-feira-8.ghtml"},"modified":"2023-03-07T17:41:33","modified_gmt":"2023-03-07T20:41:33","slug":"saiba-onde-se-vacinar-contra-a-covid-19-em-joao-pessoa-nesta-quarta-feira-8","status":"publish","type":"post","link":"https:\/\/sindaopcpb.org.br\/index.php\/2023\/03\/07\/saiba-onde-se-vacinar-contra-a-covid-19-em-joao-pessoa-nesta-quarta-feira-8\/","title":{"rendered":"Saiba onde se vacinar contra a Covid-19 em Jo\u00e3o Pessoa nesta quarta-feira (8)"},"content":{"rendered":"   <img src=\"https:\/\/s2.glbimg.com\/gj4GfQtqYTznaiH9yxmP2ilfxXM=\/i.s3.glbimg.com\/v1\/AUTH_59edd422c0c84a879bd37670ae4f538a\/internal_photos\/bs\/2022\/z\/G\/gggwboSzSWbJ4StLuSnw\/vacinacao-contra-covid-19-em-criancas.jpg\" \/><br \/>     Vacina bivalente est\u00e1 dispon\u00edvel para idosos a partir de 60 anos, imunocomprometidos a partir de 12 anos e comunidade quilombola. Vacina\u00e7\u00e3o de crian\u00e7as em Jo\u00e3o Pessoa\nFoto: Dayse Euz\u00e9bio\nO munic\u00edpio de Jo\u00e3o Pessoa segue com a campanha de vacina\u00e7\u00e3o contra a Covid-19 para todos os p\u00fablicos a partir dos seis meses de idade, nesta quarta-feira (8). N\u00e3o \u00e9 necess\u00e1rio fazer agendamento, com exce\u00e7\u00e3o dos idosos acamados ou restritos ao leito.\nA vacina Pfizer Bivalente est\u00e1 dispon\u00edvel apenas para os idosos a partir de 60 anos, pessoas imunocomprometidas a partir dos 12 anos e comunidade quilombola.\nA dose de refor\u00e7o bivalente, \u00e9 apenas para quem j\u00e1 iniciou o esquema vacinal com, pelo menos, duas doses das vacinas monovalente, com intervalo de 120 dias da \u00faltima dose de refor\u00e7o ou \u00faltima dose do esquema prim\u00e1rio com as vacinas Coronavac, Pfizer, AstraZeneca ou Jansen.\nImunocomprometidos\nPessoas transplantadas, de \u00f3rg\u00e3o s\u00f3lido ou medula \u00f3ssea; pessoas com HIV (PVHIV); com doen\u00e7as inflamat\u00f3rias em atividade e em uso de cortic\u00f3ide por mais de 14 dias; que fazem uso de imunossupressores ou imunobiol\u00f3gicos que levem a imunossupress\u00e3o; com erros inatos da imunidade (imunodefici\u00eancia prim\u00e1ria); com doen\u00e7as renais cr\u00f4nicas, em hemodi\u00e1lise; pacientes oncol\u00f3gicos que realizaram tratamento quimioter\u00e1pico ou radioter\u00e1pico nos \u00faltimos seis meses; e com neoplasias hematol\u00f3gica. Para esses casos, \u00e9 necess\u00e1rio apresentar comprova\u00e7\u00e3o documental ou declara\u00e7\u00e3o m\u00e9dica para serem vacinadas com a Pfizer bivalente.\nVacina\u00e7\u00e3o domiciliar\nNo caso dos idosos acamados ou restritos ao leito e assistidos pela Aten\u00e7\u00e3o B\u00e1sica ou pelo Servi\u00e7o de Aten\u00e7\u00e3o Domiciliar (SAD) da Prefeitura de Jo\u00e3o Pessoa, o agendamento deve ser realizado por meio do Disque Vacina (83) 98645-7727, de segunda a sexta-feira, para ser imunizado em sua resid\u00eancia.\nDocumenta\u00e7\u00e3o Necess\u00e1ria\nNo momento da vacina\u00e7\u00e3o, \u00e9 necess\u00e1rio apresentar um documento oficial e cart\u00e3o de vacina que comprovem outras doses dos imunizantes que previnem contra Covid-19 e Cart\u00e3o do SUS.\nLocais de vacina\u00e7\u00e3o nesta quarta-feira (8):\nCrian\u00e7as a partir dos seis meses a 2 anos (sem agendamento)\n1\u00aa dose: Pfizer-BioNTech baby\n2\u00aa dose: Pfizer-BioNTech baby (28 dias)\nSalas de vacinas nas USFs \u2013 7h \u00e0s 11h e das 12h \u00e0s 16h (Com exce\u00e7\u00e3o das USFs de Ilha do Bispo, Alto do C\u00e9u II, Mandacaru VIII, Jardim Planalto, Rosa de F\u00e1tima, Cruz das Armas IV, Jardim Sa\u00fade e Vieira Diniz)\nPolicl\u00ednicas Municipais \u2013 8h \u00e0s 16h\nCentro Municipal de Imuniza\u00e7\u00e3o \u2013 8h \u00e0s 16h\nMangabeira Shopping \u2013 13h \u00e0s 22h\nCrian\u00e7as de 3 e 4 anos (sem agendamento)\n1\u00aa dose: Pfizer-BioNTech baby\n2\u00aa dose: Pfizer-BioNTech baby (28 dias)\n3\u00aa dose: Pfizer-BioNTech baby (120 dias)\nSalas de vacinas nas USFs \u2013 7h \u00e0s 11h e das 12h \u00e0s 16h (Com exce\u00e7\u00e3o das USFs de Ilha do Bispo, Alto do C\u00e9u II, Mandacaru VIII, Jardim Planalto, Rosa de F\u00e1tima, Cruz das Armas IV, Jardim Sa\u00fade e Vieira Diniz)\nPolicl\u00ednicas Municipais \u2013 8h \u00e0s 16h\nCentro Municipal de Imuniza\u00e7\u00e3o \u2013 8h \u00e0s 16h\nMangabeira Shopping \u2013 13h \u00e0s 22h \u2013 Apenas acesso pedestre\nCrian\u00e7as a partir dos 5 a 11 anos (sem agendamento)\n1\u00aa dose: Pfizer pedi\u00e1trica\n2\u00aa dose: Pfizer pedi\u00e1trica (56 dias)\n3\u00aa dose: Pfizer pedi\u00e1trica (120 dias)\nSalas de vacinas nas USFs \u2013 7h \u00e0s 11h e das 12h \u00e0s 16h (Com exce\u00e7\u00e3o das USFs de Ilha do Bispo, Alto do C\u00e9u II, Mandacaru VIII, Jardim Planalto, Rosa de F\u00e1tima, Cruz das Armas IV, Jardim Sa\u00fade e Vieira Diniz)\nPolicl\u00ednicas Municipais \u2013 8h \u00e0s 16h\nCentro Municipal de Imuniza\u00e7\u00e3o \u2013 8h \u00e0s 16h\nMangabeira Shopping \u2013 13h \u00e0s 22h \u2013 Apenas acesso pedestre\nA partir de 12 anos (sem agendamento)\n1\u00aa dose: 12+\n2\u00aa dose: Janssen, Astrazeneca (60 dias) e Pfizer (60 dias)\n3\u00aa dose: 12+ (ap\u00f3s 120 dias da 2\u00aa dose); imunossuprimidos (ap\u00f3s 28 dias da 2\u00aa dose); e trabalhadores de sa\u00fade (ap\u00f3s 120 dias da 2\u00aa dose)\n4\u00aa dose: 30+ (ap\u00f3s 120 dias da 3\u00aa dose); trabalhadores de sa\u00fade (ap\u00f3s 120 dias da 2\u00aa dose); imunossuprimidos (ap\u00f3s 120 dias da 3\u00aa dose)\nSalas de vacinas nas USFs \u2013 7h \u00e0s 11h e das 12h \u00e0s 16h (Com exce\u00e7\u00e3o das USFs de Ilha do Bispo, Alto do C\u00e9u II, Mandacaru VIII, Jardim Planalto, Rosa de F\u00e1tima, Cruz das Armas IV, Jardim Sa\u00fade e Vieira Diniz)\nMangabeira Shopping (pedestres e drive-thru) \u2013 13h \u00e0s 22h\nCentro Municipal de Imuniza\u00e7\u00e3o \u2013 8h \u00e0s 16h\nIdosos acima 60 anos (sem agendamento) e pessoas imunocomprometidas acima de 12 anos (sem agendamento)\n1\u00aa dose: Dose \u00fanica \u2013 Imunizante Pfizer bivalente\nFunda\u00e7\u00e3o Espa\u00e7o Cultural \u2013 Tambauzinho \u2013 8h \u00e0s 12h \u2013 drive e pedestre\nSantu\u00e1rio M\u00e3e Rainha \u2013 Aeroclube \u2013 8h \u00e0s 16h \u2013 drive e pedestre\nMangabeira Shopping \u2013 13h \u00e0s 22h \u2013 drive e pedestre\nShopping Liv Mall \u2013 Jardim Oceania \u2013 10h \u00e0s 16h\nShopping Tambi\u00e1 \u2013 10h \u00e0s 16h\nPolicl\u00ednicas Municipais \u2013 8h \u00e0s 16h\nCentro Municipal de Imuniza\u00e7\u00e3o \u2013 8h \u00e0s 16h\nUnidade de Sa\u00fade da Fam\u00edlia (USF) S\u00e3o Jos\u00e9 \u2013 16h \u00e0s 20h\nUnidades de Sa\u00fade da Fam\u00edlia \u2013 8h \u00e0s 11h e das 12h \u00e0s 16h:\nUSF Integrada Cruz das Armas (Distrito Sanit\u00e1rio I)\nUSF Integrando Vidas (Distrito Sanit\u00e1rio II)\nUSF Ipiranga (Distrito Sanit\u00e1rio III)\nUSF Viver Bem (Distrito Sanit\u00e1rio IV)\nUSF Banc\u00e1rios Integrada (Distrito Sanit\u00e1rio V)\nVacina\u00e7\u00e3o Domiciliar\nIdosos acima de 60 anos, com comorbidades e acamados.\nAgendamento: (83) 98645-7727\nHor\u00e1rio: 8h \u00e0s 16h (de segunda a sexta-feira)\nV\u00eddeos mais assistidos do g1 Para\u00edba  ","protected":false},"excerpt":{"rendered":"<p>        Vacina bivalente est\u00e1 dispon\u00edvel para idosos a partir de 60 anos, imunocomprometidos a partir de 12 anos e comunidade quilombola. Vacina\u00e7\u00e3o de crian\u00e7as em Jo\u00e3o Pessoa<br \/>\nFoto: Dayse Euz\u00e9bio<br \/>\nO munic\u00edpio de Jo\u00e3o Pessoa segue com a campanha de vacina&#8230;<\/p>\n","protected":false},"author":2,"featured_media":0,"comment_status":"closed","ping_status":"closed","sticky":false,"template":"","format":"standard","meta":{"advgb_blocks_editor_width":"","advgb_blocks_columns_visual_guide":"","footnotes":""},"categories":[34],"tags":[35],"class_list":["post-10704","post","type-post","status-publish","format-standard","hentry","category-g1","tag-g1"],"author_meta":{"display_name":"g1 &gt; Para\u00edba","author_link":"https:\/\/sindaopcpb.org.br\/author\/g1-paraiba\/"},"featured_img":null,"coauthors":[],"tax_additional":{"categories":{"linked":["<a href=\"https:\/\/sindaopcpb.org.br\/g1\/\" class=\"advgb-post-tax-term\">G1<\/a>"],"unlinked":["<span class=\"advgb-post-tax-term\">G1<\/span>"]},"tags":{"linked":["<a href=\"https:\/\/sindaopcpb.org.br\/g1\/\" class=\"advgb-post-tax-term\">g1<\/a>"],"unlinked":["<span class=\"advgb-post-tax-term\">g1<\/span>"]}},"comment_count":"0","relative_dates":{"created":"Publicado 3 anos atr\u00e1s","modified":"Atualizado 3 anos atr\u00e1s"},"absolute_dates":{"created":"Publicado em 7 de mar\u00e7o de 2023","modified":"Atualizado em 7 de mar\u00e7o de 2023"},"absolute_dates_time":{"created":"Publicado em 7 de mar\u00e7o de 2023 17:41","modified":"Atualizado em 7 de mar\u00e7o de 2023 17:41"},"featured_img_caption":"","series_order":"","_links":{"self":[{"href":"https:\/\/sindaopcpb.org.br\/index.php\/wp-json\/wp\/v2\/posts\/10704","targetHints":{"allow":["GET"]}}],"collection":[{"href":"https:\/\/sindaopcpb.org.br\/index.php\/wp-json\/wp\/v2\/posts"}],"about":[{"href":"https:\/\/sindaopcpb.org.br\/index.php\/wp-json\/wp\/v2\/types\/post"}],"author":[{"embeddable":true,"href":"https:\/\/sindaopcpb.org.br\/index.php\/wp-json\/wp\/v2\/users\/2"}],"replies":[{"embeddable":true,"href":"https:\/\/sindaopcpb.org.br\/index.php\/wp-json\/wp\/v2\/comments?post=10704"}],"version-history":[{"count":1,"href":"https:\/\/sindaopcpb.org.br\/index.php\/wp-json\/wp\/v2\/posts\/10704\/revisions"}],"predecessor-version":[{"id":10705,"href":"https:\/\/sindaopcpb.org.br\/index.php\/wp-json\/wp\/v2\/posts\/10704\/revisions\/10705"}],"wp:attachment":[{"href":"https:\/\/sindaopcpb.org.br\/index.php\/wp-json\/wp\/v2\/media?parent=10704"}],"wp:term":[{"taxonomy":"category","embeddable":true,"href":"https:\/\/sindaopcpb.org.br\/index.php\/wp-json\/wp\/v2\/categories?post=10704"},{"taxonomy":"post_tag","embeddable":true,"href":"https:\/\/sindaopcpb.org.br\/index.php\/wp-json\/wp\/v2\/tags?post=10704"}],"curies":[{"name":"wp","href":"https:\/\/api.w.org\/{rel}","templated":true}]}}