{"id":10702,"date":"2023-03-07T17:48:52","date_gmt":"2023-03-07T20:48:52","guid":{"rendered":"https:\/\/g1.globo.com\/pb\/paraiba\/noticia\/2023\/03\/07\/prazo-para-pagamento-da-cota-unica-do-iptu-e-tcr-com-desconto-e-prorrogado-em-joao-pessoa.ghtml"},"modified":"2023-03-07T17:48:52","modified_gmt":"2023-03-07T20:48:52","slug":"prazo-para-pagamento-da-cota-unica-do-iptu-e-tcr-com-desconto-e-prorrogado-em-joao-pessoa","status":"publish","type":"post","link":"https:\/\/sindaopcpb.org.br\/index.php\/2023\/03\/07\/prazo-para-pagamento-da-cota-unica-do-iptu-e-tcr-com-desconto-e-prorrogado-em-joao-pessoa\/","title":{"rendered":"Prazo para pagamento da cota \u00fanica do IPTU e TCR com desconto \u00e9 prorrogado, em Jo\u00e3o Pessoa"},"content":{"rendered":"   <img src=\"https:\/\/s2.glbimg.com\/z6qF307MkaJlMKM8zVYVlasJpow=\/i.s3.glbimg.com\/v1\/AUTH_59edd422c0c84a879bd37670ae4f538a\/internal_photos\/bs\/2023\/3\/f\/Qxt3OIRsOyuVyqzJOBZA\/aplicativo-iptu-joao-pessoa.jpg\" \/><br \/>     Prazo da primeira parcela para quem escolher o pagamento parcelado tamb\u00e9m ficou at\u00e9 esta sexta.  Aplicativo IPTU\/TCR Jo\u00e3o Pessoa 2023\nDani Fechine\/g1\nO prazo para o pagamento da cota \u00fanica com 15% de desconto do Imposto Predial e Territorial Urbano (IPTU) e da Taxa de Coleta de Res\u00edduos (TCR) do exerc\u00edcio deste ano de 2023 de Jo\u00e3o Pessoa foi prorrogado at\u00e9 a pr\u00f3xima sexta-feira (10). A medida tem como objetivo estender o per\u00edodo para os contribuintes que n\u00e3o conseguirem pagar o imposto nesta ter\u00e7a-feira (7). O prazo da primeira parcela para quem escolher o pagamento parcelado tamb\u00e9m ficou at\u00e9 esta sexta. \nContribuinte de Jo\u00e3o Pessoa pode acessar dados de IPTU e TCR por aplicativo\nPara quem pretende pagar a cota \u00fanica ou primeira parcela a partir de amanh\u00e3 e at\u00e9 a sexta-feira deve emitir novo boleto com a data atualizada para pagamento. Isso \u00e9 poss\u00edvel de ser realizado no Portal do Contribuinte, no aplicativo \u2018IPTU\/TCR JP\u2019, ou ainda presencialmente no balc\u00e3o de atendimentos da Receita no Centro Administrativo Municipal (CAM), em \u00c1gua Fria.\nOs demais prazos do calend\u00e1rio fiscal n\u00e3o foram alterados, ou seja, o contribuinte que deseja pagar o total do exerc\u00edcio ap\u00f3s a sexta-feira (10) perde o desconto de 15% e deve efetuar o pagamento at\u00e9 o dia 10 de abril. \nO desconto de 5% oferecido pela atual gest\u00e3o j\u00e1 est\u00e1 aplicado automaticamente nas guias dos contribuintes em dia com a Prefeitura. Ele \u00e9 v\u00e1lido para qualquer forma de pagamento, seja ela a cota \u00fanica com desconto, totalizando 20% de abatimento, ou cota \u00fanica sem desconto e parcelamento.\nCalend\u00e1rio de pagamento do IPTU e TCR\n10\/03 \u2013 Pagamento da Cota \u00danica com desconto;\n10\/04 \u2013 Pagamento do Total do exerc\u00edcio sem desconto;\nParcelamento em 10 vezes, com vencimentos em:\n1\u00aa parcela: 10\/03;\n2\u00aa parcela: 10\/04;\n3\u00aa parcela: 08\/05;\n4\u00aa parcela: 07\/06;\n5\u00aa parcela: 07\/07;\n6\u00aa parcela: 07\/08;\n7\u00aa parcela: 08\/09;\n8\u00aa parcela: 06\/10;\n9\u00aa parcela: 08\/11;\n10\u00aa parcela: 07\/12.\nV\u00eddeos mais assistidos da Para\u00edba  ","protected":false},"excerpt":{"rendered":"<p>        Prazo da primeira parcela para quem escolher o pagamento parcelado tamb\u00e9m ficou at\u00e9 esta sexta.  Aplicativo IPTU\/TCR Jo\u00e3o Pessoa 2023<br \/>\nDani Fechine\/g1<br \/>\nO prazo para o pagamento da cota \u00fanica com 15% de desconto do Imposto Predial e Territorial Ur&#8230;<\/p>\n","protected":false},"author":2,"featured_media":0,"comment_status":"closed","ping_status":"closed","sticky":false,"template":"","format":"standard","meta":{"advgb_blocks_editor_width":"","advgb_blocks_columns_visual_guide":"","footnotes":""},"categories":[34],"tags":[35],"class_list":["post-10702","post","type-post","status-publish","format-standard","hentry","category-g1","tag-g1"],"author_meta":{"display_name":"g1 &gt; Para\u00edba","author_link":"https:\/\/sindaopcpb.org.br\/author\/g1-paraiba\/"},"featured_img":null,"coauthors":[],"tax_additional":{"categories":{"linked":["<a href=\"https:\/\/sindaopcpb.org.br\/g1\/\" class=\"advgb-post-tax-term\">G1<\/a>"],"unlinked":["<span class=\"advgb-post-tax-term\">G1<\/span>"]},"tags":{"linked":["<a href=\"https:\/\/sindaopcpb.org.br\/g1\/\" class=\"advgb-post-tax-term\">g1<\/a>"],"unlinked":["<span class=\"advgb-post-tax-term\">g1<\/span>"]}},"comment_count":"0","relative_dates":{"created":"Publicado 3 anos atr\u00e1s","modified":"Atualizado 3 anos atr\u00e1s"},"absolute_dates":{"created":"Publicado em 7 de mar\u00e7o de 2023","modified":"Atualizado em 7 de mar\u00e7o de 2023"},"absolute_dates_time":{"created":"Publicado em 7 de mar\u00e7o de 2023 17:48","modified":"Atualizado em 7 de mar\u00e7o de 2023 17:48"},"featured_img_caption":"","series_order":"","_links":{"self":[{"href":"https:\/\/sindaopcpb.org.br\/index.php\/wp-json\/wp\/v2\/posts\/10702","targetHints":{"allow":["GET"]}}],"collection":[{"href":"https:\/\/sindaopcpb.org.br\/index.php\/wp-json\/wp\/v2\/posts"}],"about":[{"href":"https:\/\/sindaopcpb.org.br\/index.php\/wp-json\/wp\/v2\/types\/post"}],"author":[{"embeddable":true,"href":"https:\/\/sindaopcpb.org.br\/index.php\/wp-json\/wp\/v2\/users\/2"}],"replies":[{"embeddable":true,"href":"https:\/\/sindaopcpb.org.br\/index.php\/wp-json\/wp\/v2\/comments?post=10702"}],"version-history":[{"count":1,"href":"https:\/\/sindaopcpb.org.br\/index.php\/wp-json\/wp\/v2\/posts\/10702\/revisions"}],"predecessor-version":[{"id":10703,"href":"https:\/\/sindaopcpb.org.br\/index.php\/wp-json\/wp\/v2\/posts\/10702\/revisions\/10703"}],"wp:attachment":[{"href":"https:\/\/sindaopcpb.org.br\/index.php\/wp-json\/wp\/v2\/media?parent=10702"}],"wp:term":[{"taxonomy":"category","embeddable":true,"href":"https:\/\/sindaopcpb.org.br\/index.php\/wp-json\/wp\/v2\/categories?post=10702"},{"taxonomy":"post_tag","embeddable":true,"href":"https:\/\/sindaopcpb.org.br\/index.php\/wp-json\/wp\/v2\/tags?post=10702"}],"curies":[{"name":"wp","href":"https:\/\/api.w.org\/{rel}","templated":true}]}}