{"id":10689,"date":"2023-03-07T13:51:49","date_gmt":"2023-03-07T16:51:49","guid":{"rendered":"https:\/\/g1.globo.com\/pb\/paraiba\/noticia\/2023\/03\/07\/prefeitura-de-cabedelo-derruba-quiosques-da-orla-sem-autorizacao-de-funcionamento.ghtml"},"modified":"2023-03-07T13:51:49","modified_gmt":"2023-03-07T16:51:49","slug":"prefeitura-de-cabedelo-derruba-quiosques-da-orla-sem-autorizacao-de-funcionamento","status":"publish","type":"post","link":"https:\/\/sindaopcpb.org.br\/index.php\/2023\/03\/07\/prefeitura-de-cabedelo-derruba-quiosques-da-orla-sem-autorizacao-de-funcionamento\/","title":{"rendered":"Prefeitura de Cabedelo derruba quiosques da orla sem autoriza\u00e7\u00e3o de funcionamento"},"content":{"rendered":"   <img src=\"https:\/\/s2.glbimg.com\/tomUacSrGT9krKdJl9zoWUyIRKQ=\/i.s3.glbimg.com\/v1\/AUTH_59edd422c0c84a879bd37670ae4f538a\/internal_photos\/bs\/2023\/I\/f\/K93U4OTUW1YCAl9MZKPQ\/quiosques.jpg\" \/><br \/>     Um processo licitat\u00f3rio ser\u00e1 feito ap\u00f3s reforma de \u00e1rea na orla da cidade para comerciantes do local, segundo a prefeitura.  Quiosques s\u00e3o derrubados na orla de Cabedelo\nReprodu\u00e7\u00e3o\/TV Cabo Branco\nA Prefeitura Municipal de Cabedelo, na Regi\u00e3o Metropolitana de Jo\u00e3o Pessoa, iniciou a demoli\u00e7\u00e3o de quiosques localizados na orla da Praia Formosa. Nesta segunda-feira (6), comerciantes que atuam no local questionaram a medida, que atende a uma recomenda\u00e7\u00e3o do Minist\u00e9rio P\u00fablico Federal (MPF). \nO secret\u00e1rio de ind\u00fastria e com\u00e9rcio de Cabedelo, Fernando Sobrinho, explicou que quem se utilizava dos quiosques que foram derrubados pela prefeitura, vai poder participar de um processo licitat\u00f3rio no futuro, mas n\u00e3o deu prazo para o in\u00edcio desse processo. \n\u201cA prefeitura vai reformular toda orla, vai ordenar a orla, construir quiosques com recurso da prefeitura, e eles v\u00e3o poder dar entrada num processo licitat\u00f3rio\u201d, disse. \nAl\u00e9m disso, o secret\u00e1rio tamb\u00e9m confirmou que a obra de revitaliza\u00e7\u00e3o do local vai durar cerca de cinco meses e que haver\u00e1 um aux\u00edlio para os trabalhadores que ficar\u00e3o impossibilitados de trabalhar no local durante esse per\u00edodo. O aux\u00edlio foi aprovado em vota\u00e7\u00e3o na C\u00e2mara de Vereadores de Cabedelo. \nA prefeitura informou que as inscri\u00e7\u00f5es para os trabalhadores receberem o aux\u00edlio vai at\u00e9 10 de mar\u00e7o e que \u00e9 v\u00e1lido somente para os propriet\u00e1rios e funcion\u00e1rios dos estabelecimentos que foram desapropriados. O beneficio varia entre R$ 500 e mil reais, e ser\u00e1 dividido em cinco parcelas e o cadastramento pode ser feito no Centro de Capacita\u00e7\u00e3o, das 9h \u00e0s 14h. \nProblema antigo\nA retirada dos quiosques neste inicio de mar\u00e7o, segundo a prefeitura de Cabedelo, segue uma recomenda\u00e7\u00e3o de 2019 do Minist\u00e9rio P\u00fablico Federal (MPF).\nA assessoria da procuradoria do munic\u00edpio informou que a recomenda\u00e7\u00e3o n\u00e3o foi cumprida anteriormente por conta da Covid-19, j\u00e1 que atividades administrativas foram reduzidas e n\u00e3o estava havendo funcionamento dos com\u00e9rcios em raz\u00e3o das restri\u00e7\u00f5es pela doen\u00e7a. \nO g1 entrou em contato com o MPF para saber se a recomenda\u00e7\u00e3o efetivada em 2019 pelo \u00f3rg\u00e3o com prazo determinado em 150 dias para execu\u00e7\u00e3o da retirada dos quiosques teria validade at\u00e9 o presente momento ou se ainda novas medidas foram tomadas, mas n\u00e3o obteve retorno. \nV\u00eddeos mais assistidos do g1 Para\u00edba  ","protected":false},"excerpt":{"rendered":"<p>        Um processo licitat\u00f3rio ser\u00e1 feito ap\u00f3s reforma de \u00e1rea na orla da cidade para comerciantes do local, segundo a prefeitura.  Quiosques s\u00e3o derrubados na orla de Cabedelo<br \/>\nReprodu\u00e7\u00e3o\/TV Cabo Branco<br \/>\nA Prefeitura Municipal de Cabedelo, na Regi\u00e3o Me&#8230;<\/p>\n","protected":false},"author":2,"featured_media":0,"comment_status":"closed","ping_status":"closed","sticky":false,"template":"","format":"standard","meta":{"advgb_blocks_editor_width":"","advgb_blocks_columns_visual_guide":"","footnotes":""},"categories":[34],"tags":[35],"class_list":["post-10689","post","type-post","status-publish","format-standard","hentry","category-g1","tag-g1"],"author_meta":{"display_name":"g1 &gt; Para\u00edba","author_link":"https:\/\/sindaopcpb.org.br\/author\/g1-paraiba\/"},"featured_img":null,"coauthors":[],"tax_additional":{"categories":{"linked":["<a href=\"https:\/\/sindaopcpb.org.br\/g1\/\" class=\"advgb-post-tax-term\">G1<\/a>"],"unlinked":["<span class=\"advgb-post-tax-term\">G1<\/span>"]},"tags":{"linked":["<a href=\"https:\/\/sindaopcpb.org.br\/g1\/\" class=\"advgb-post-tax-term\">g1<\/a>"],"unlinked":["<span class=\"advgb-post-tax-term\">g1<\/span>"]}},"comment_count":"0","relative_dates":{"created":"Publicado 3 anos atr\u00e1s","modified":"Atualizado 3 anos atr\u00e1s"},"absolute_dates":{"created":"Publicado em 7 de mar\u00e7o de 2023","modified":"Atualizado em 7 de mar\u00e7o de 2023"},"absolute_dates_time":{"created":"Publicado em 7 de mar\u00e7o de 2023 13:51","modified":"Atualizado em 7 de mar\u00e7o de 2023 13:51"},"featured_img_caption":"","series_order":"","_links":{"self":[{"href":"https:\/\/sindaopcpb.org.br\/index.php\/wp-json\/wp\/v2\/posts\/10689","targetHints":{"allow":["GET"]}}],"collection":[{"href":"https:\/\/sindaopcpb.org.br\/index.php\/wp-json\/wp\/v2\/posts"}],"about":[{"href":"https:\/\/sindaopcpb.org.br\/index.php\/wp-json\/wp\/v2\/types\/post"}],"author":[{"embeddable":true,"href":"https:\/\/sindaopcpb.org.br\/index.php\/wp-json\/wp\/v2\/users\/2"}],"replies":[{"embeddable":true,"href":"https:\/\/sindaopcpb.org.br\/index.php\/wp-json\/wp\/v2\/comments?post=10689"}],"version-history":[{"count":2,"href":"https:\/\/sindaopcpb.org.br\/index.php\/wp-json\/wp\/v2\/posts\/10689\/revisions"}],"predecessor-version":[{"id":10737,"href":"https:\/\/sindaopcpb.org.br\/index.php\/wp-json\/wp\/v2\/posts\/10689\/revisions\/10737"}],"wp:attachment":[{"href":"https:\/\/sindaopcpb.org.br\/index.php\/wp-json\/wp\/v2\/media?parent=10689"}],"wp:term":[{"taxonomy":"category","embeddable":true,"href":"https:\/\/sindaopcpb.org.br\/index.php\/wp-json\/wp\/v2\/categories?post=10689"},{"taxonomy":"post_tag","embeddable":true,"href":"https:\/\/sindaopcpb.org.br\/index.php\/wp-json\/wp\/v2\/tags?post=10689"}],"curies":[{"name":"wp","href":"https:\/\/api.w.org\/{rel}","templated":true}]}}