{"id":10651,"date":"2023-03-06T19:40:30","date_gmt":"2023-03-06T22:40:30","guid":{"rendered":"https:\/\/g1.globo.com\/pb\/paraiba\/noticia\/2023\/03\/06\/alargamento-da-orla-de-joao-pessoa-forum-sera-criado-com-orgaos-publicos-e-sociedade-civil.ghtml"},"modified":"2023-03-06T19:40:30","modified_gmt":"2023-03-06T22:40:30","slug":"alargamento-da-orla-de-joao-pessoa-forum-sera-criado-com-orgaos-publicos-e-sociedade-civil","status":"publish","type":"post","link":"https:\/\/sindaopcpb.org.br\/index.php\/2023\/03\/06\/alargamento-da-orla-de-joao-pessoa-forum-sera-criado-com-orgaos-publicos-e-sociedade-civil\/","title":{"rendered":"Alargamento da orla de Jo\u00e3o Pessoa: f\u00f3rum ser\u00e1 criado com \u00f3rg\u00e3os p\u00fablicos e sociedade civil"},"content":{"rendered":"   <img src=\"https:\/\/s2.glbimg.com\/bpU3LPCSmB09ApThdmzEkhWx4xE=\/i.s3.glbimg.com\/v1\/AUTH_59edd422c0c84a879bd37670ae4f538a\/internal_photos\/bs\/2023\/I\/f\/3GJ5uoQXa7dEz9YbLSAg\/audiencia-publica-alpb.jpeg\" \/><br \/>     Audi\u00eancia p\u00fablica aconteceu na Assembleia Legislativa da Para\u00edba (ALPB) e foi convocada depois que o prefeito da cidade detalhou que nas obras est\u00e1 prevista uma pista vi\u00e1ria contornando a Fal\u00e9sia do Cabo Branco. Audi\u00eancia p\u00fablica discute projeto de alargamento da orla de Jo\u00e3o Pessoa na Assembleia Legislativa da Para\u00edba (ALPB)\nPl\u00ednio Almeira\/TV Cabo Branco\nDurante uma audi\u00eancia p\u00fablica, realizada nesta segunda-feira (6) na Assembleia Legislativa da Para\u00edba (ALPB), ficou decidido que um f\u00f3rum ser\u00e1 articulado entre \u00f3rg\u00e3os p\u00fablicos, parlamentares, especialistas, pesquisadores e representantes da sociedade civil para discutir o projeto de alargamento da orla da capital paraibana. Este f\u00f3rum vai atuar como um conselho para a Prefeitura de Jo\u00e3o Pessoa.\nLEIA TAMB\u00c9M:\nAlargamento de praias de Jo\u00e3o Pessoa inclui pista contornando a Fal\u00e9sia do Cabo Branco, diz prefeito\nO Secret\u00e1rio do Meio Ambiente de Jo\u00e3o Pessoa, Welison Silveira, estava representando a prefeitura e disse ao g1 que o f\u00f3rum ser\u00e1 composto n\u00e3o s\u00f3 por membros da academia, mas tamb\u00e9m pela sociedade de forma geral. \n\"A prefeitura est\u00e1 aberta ao di\u00e1logo. \u00c9 mais do que necess\u00e1rio ampliar esses debates para que informa\u00e7\u00f5es oficiais, precisas e t\u00e9cnico-cient\u00edficas possam ser expressadas e manifestadas\", explicou. \nApesar disso, informa\u00e7\u00f5es como quando o f\u00f3rum ser\u00e1 criado e quais encaminhamentos ser\u00e3o discutidos por essa quipe n\u00e3o foram divulgadas.\nO g1 tamb\u00e9m perguntou ao secret\u00e1rio qual o or\u00e7amento, qual a empresa responsa\u0301vel pelos servic\u0327os, o prazo para a conclusa\u0303o das obras e as metodologias adotadas no projeto de alargamento da orla:\n\"Ainda n\u00e3o h\u00e1 projetos, esses estudos ainda est\u00e3o em fase de elabora\u00e7\u00e3o. Ent\u00e3o, por consequ\u00eancia, n\u00e3o existe valores de obra a serem discutidos porque n\u00e3o h\u00e1 valor sem projeto\", afirmou Welison Silveira.\nEle disse ainda que estudos ir\u00e3o definir a modalidade de engenharia adotada em cada orla e o que existe \u00e9, na verdade, uma \"necessidade de se preocupar com a conten\u00e7\u00e3o da eros\u00e3o costeira\". \nA audi\u00eancia p\u00fablica foi convocada pela deputada estadual Cida Ramos (PT), que prop\u00f4s o debate depois que o pr\u00f3prio prefeito de Jo\u00e3o Pessoa, C\u00edcero Lucena (PP), detalhou o que pretende fazer com as obras de alargamento da orla. O gestor, por exemplo, diz que est\u00e1 prevista uma pista vi\u00e1ria que ligaria o Cabo Branco \u00e0 Ponta do Seixas por baixo, e portanto contornando a Fal\u00e9sia do Cabo Branco, local onde diariamente o mar bate hoje em dia.\nPrefeito quer construir uma estrada contornando a fal\u00e9sia, em Jo\u00e3o Pessoa\nSecom-JP\/Divulga\u00e7\u00e3o\nTamb\u00e9m estiveram presentes durante a audi\u00eancia o professor e pesquisador do Departamento de Geoci\u00eancias da Universidade Federal da Para\u00edba (UFPB), Saulo Vital; a coordenadora do Greenpeace Para\u00edba e ambientalista, Caroline Leal, al\u00e9m dos deputados estaduais. \nSaulo Vital \u00e9 pesquisador do tema e coordena grupo de pesquisa em geomorfologia sobre riscos e vulnerabilidades referentes \u00e0s eros\u00f5es no litoral.\nAo g1, o professor confirmou que ele vai articular o in\u00edcio do f\u00f3rum juntamente com a deputada Cida Ramos e os deputados estaduais Chi\u00f3 (Sustentabilidade) e Luciano Cartaxo (PT).\nSegundo ele, uma das primeiras a\u00e7\u00f5es que precisam ser feitas em Jo\u00e3o Pessoa \u00e9 o reflorestamento na \u00e1rea da Fal\u00e9sia do Cabo Branco. \nSaulo defende ainda que uma interven\u00e7\u00e3o na costa exige estudos aprofundados e criticou o enrocamento na Barreira do Cabo Branco, feito pela gest\u00e3o de Luciano Cartaxo. A regi\u00e3o da barreira precisa de a\u00e7\u00f5es r\u00e1pidas antes de pensar em alargamento nas praias urbanas de Jo\u00e3o Pessoa, de acordo com suas pesquisas.\nApesar disso, avaliou a audi\u00eancia como positiva: \"um caminho inicial para discutir a eros\u00e3o costeira em Jo\u00e3o Pessoa e no futuro pretende-se discutir a n\u00edvel de Para\u00edba. O movimento est\u00e1 ganhando boa propor\u00e7\u00e3o. Vejo um bel\u00edssimo envolvimento da popula\u00e7\u00e3o nesse processo\", pontuou o professor.\nJ\u00e1 a ambientalista Caroline Leal destacou que obras como a proposta no projeto de alargamento n\u00e3o poderiam ser realizadas de maneira alguma em \u00e1reas de recifes e corais. Ela ressaltou que essas interven\u00e7\u00f5es no mar de Jo\u00e3o Pessoa est\u00e3o destruindo o patrim\u00f4nio natural da Para\u00edba.\nEntenda o projeto de alargamento da orla de Jo\u00e3o Pessoa\nC\u00edcero Lucena destaca que os estudos t\u00e9cnicos j\u00e1 estariam em curso e que a previs\u00e3o \u00e9 que as obras sejam iniciadas em dezembro deste ano. De acordo com ele, a ideia de uma pista contornando a fal\u00e9sia remonta ao ano de 2004, quando ele era prefeito da capital paraibana, mas n\u00e3o teve tempo de executar a obra.\nAl\u00e9m dessa interven\u00e7\u00e3o na fal\u00e9sia, ele prometeu alargar toda a faixa da praia de Mana\u00edra, entre o Hotel Tamba\u00fa e o Mag Shopping, e ainda a \u00e1rea denominada de Caribessa.\nSobre a interven\u00e7\u00e3o em Mana\u00edra, C\u00edcero explica que o projeto prev\u00ea a constru\u00e7\u00e3o de uma terceira via na avenida paralela \u00e0 praia, o alargamento da cal\u00e7adinha e a transfer\u00eancia da ciclovia para depois da cal\u00e7ada. Ele promete tamb\u00e9m uma Marina em Tamba\u00fa, nas proximidades de onde est\u00e1 o Mercado de Peixe.\nPiscinas naturais de Pic\u00e3ozinho, na praia de Tamba\u00fa, Jo\u00e3o Pessoa. A regi\u00e3o seria afetada pelo alargamento nas orlas proposto por C\u00edcero Lucena\nBra\u00falio Chacon\/Divulga\u00e7\u00e3o\/Arquivo\nAs areias para toda essa engorda, ainda segundo ele, viriam do fundo do mar e seriam bombeadas para a costa. O prefeito diz que ser\u00e3o respeitadas a mesma granometria que existe na orla. Granometria, no caso, \u00e9 uma unidade de medida que calcula o di\u00e2metro dos gr\u00e3os de areia de dado solo.\nQuem primeiro falou do assunto foi o secret\u00e1rio de Infraestrutura de Jo\u00e3o Pessoa, Rubens Falc\u00e3o, em entrevista \u00e0 r\u00e1dio CBN. Na \u00e9poca, ele chegou a falar numa obra avaliada em at\u00e9 R$ 200 milh\u00f5es. \nC\u00edcero Lucena, contudo, explica que vai ter a parceria do Governo da Para\u00edba e que todas as obras de reurbaniza\u00e7\u00e3o da cidade custaria R$ 400 milh\u00f5es, sendo que desse valor R$ 240 milh\u00f5es sairiam do Estado e R$ 160 milh\u00f5es da Prefeitura. Ele pondera, contudo, que esse valor n\u00e3o inclui apenas as obras na orla, mas tamb\u00e9m parques p\u00fablicos nos bairros de Aeroclube, Banc\u00e1rios e Cui\u00e1.\nV\u00eddeos mais assistidos do g1 Para\u00edba  ","protected":false},"excerpt":{"rendered":"<p>        Audi\u00eancia p\u00fablica aconteceu na Assembleia Legislativa da Para\u00edba (ALPB) e foi convocada depois que o prefeito da cidade detalhou que nas obras est\u00e1 prevista uma pista vi\u00e1ria contornando a Fal\u00e9sia do Cabo Branco. Audi\u00eancia p\u00fablica discute projet&#8230;<\/p>\n","protected":false},"author":2,"featured_media":0,"comment_status":"closed","ping_status":"closed","sticky":false,"template":"","format":"standard","meta":{"advgb_blocks_editor_width":"","advgb_blocks_columns_visual_guide":"","footnotes":""},"categories":[34],"tags":[35],"class_list":["post-10651","post","type-post","status-publish","format-standard","hentry","category-g1","tag-g1"],"author_meta":{"display_name":"g1 &gt; Para\u00edba","author_link":"https:\/\/sindaopcpb.org.br\/author\/g1-paraiba\/"},"featured_img":null,"coauthors":[],"tax_additional":{"categories":{"linked":["<a href=\"https:\/\/sindaopcpb.org.br\/g1\/\" class=\"advgb-post-tax-term\">G1<\/a>"],"unlinked":["<span class=\"advgb-post-tax-term\">G1<\/span>"]},"tags":{"linked":["<a href=\"https:\/\/sindaopcpb.org.br\/g1\/\" class=\"advgb-post-tax-term\">g1<\/a>"],"unlinked":["<span class=\"advgb-post-tax-term\">g1<\/span>"]}},"comment_count":"0","relative_dates":{"created":"Publicado 3 anos atr\u00e1s","modified":"Atualizado 3 anos atr\u00e1s"},"absolute_dates":{"created":"Publicado em 6 de mar\u00e7o de 2023","modified":"Atualizado em 6 de mar\u00e7o de 2023"},"absolute_dates_time":{"created":"Publicado em 6 de mar\u00e7o de 2023 19:40","modified":"Atualizado em 6 de mar\u00e7o de 2023 19:40"},"featured_img_caption":"","series_order":"","_links":{"self":[{"href":"https:\/\/sindaopcpb.org.br\/index.php\/wp-json\/wp\/v2\/posts\/10651","targetHints":{"allow":["GET"]}}],"collection":[{"href":"https:\/\/sindaopcpb.org.br\/index.php\/wp-json\/wp\/v2\/posts"}],"about":[{"href":"https:\/\/sindaopcpb.org.br\/index.php\/wp-json\/wp\/v2\/types\/post"}],"author":[{"embeddable":true,"href":"https:\/\/sindaopcpb.org.br\/index.php\/wp-json\/wp\/v2\/users\/2"}],"replies":[{"embeddable":true,"href":"https:\/\/sindaopcpb.org.br\/index.php\/wp-json\/wp\/v2\/comments?post=10651"}],"version-history":[{"count":2,"href":"https:\/\/sindaopcpb.org.br\/index.php\/wp-json\/wp\/v2\/posts\/10651\/revisions"}],"predecessor-version":[{"id":10655,"href":"https:\/\/sindaopcpb.org.br\/index.php\/wp-json\/wp\/v2\/posts\/10651\/revisions\/10655"}],"wp:attachment":[{"href":"https:\/\/sindaopcpb.org.br\/index.php\/wp-json\/wp\/v2\/media?parent=10651"}],"wp:term":[{"taxonomy":"category","embeddable":true,"href":"https:\/\/sindaopcpb.org.br\/index.php\/wp-json\/wp\/v2\/categories?post=10651"},{"taxonomy":"post_tag","embeddable":true,"href":"https:\/\/sindaopcpb.org.br\/index.php\/wp-json\/wp\/v2\/tags?post=10651"}],"curies":[{"name":"wp","href":"https:\/\/api.w.org\/{rel}","templated":true}]}}