{"id":10608,"date":"2023-03-05T11:20:05","date_gmt":"2023-03-05T14:20:05","guid":{"rendered":"https:\/\/g1.globo.com\/pb\/paraiba\/noticia\/2023\/03\/05\/acidente-com-colisao-frontal-de-veiculos-na-br-230-deixa-vitimas-no-cariri-da-pb.ghtml"},"modified":"2023-03-05T11:20:05","modified_gmt":"2023-03-05T14:20:05","slug":"acidente-com-colisao-frontal-de-veiculos-na-br-230-deixa-vitimas-no-cariri-da-pb","status":"publish","type":"post","link":"https:\/\/sindaopcpb.org.br\/index.php\/2023\/03\/05\/acidente-com-colisao-frontal-de-veiculos-na-br-230-deixa-vitimas-no-cariri-da-pb\/","title":{"rendered":"Acidente com colis\u00e3o frontal de ve\u00edculos na BR-230 deixa v\u00edtimas, no Cariri da PB"},"content":{"rendered":"    Segundo a Pol\u00edcia Rodovi\u00e1ria Federal (PRF), cinco pessoas ficaram feridas e um adolescente morreu. Um acidente registrado na madrugada deste domingo (5) na BR-230, em Juazeirinho, Cariri da Para\u00edba, deixou um morto e cinco feridos. De acordo com a Pol\u00edcia Rodovi\u00e1ria Federal (PRF), o acidente foi provocado por uma colis\u00e3o frontal entre dois ve\u00edculos.\nSegundo a PRF, o acidente aconteceu por volta das 3h40 da madrugada, no Km 244 da BR-230. Um ve\u00edculo modelo Fiat Uno e um GM Classic teriam colidido de frente.\nCinco pessoas ficaram feridas e um adolescente de 13 anos, que chegou a ser socorrido pelo Samu, morreu, ainda de acordo com a PRF. Das v\u00edtimas feridas, tr\u00eas ficaram em estado grave e duas tiveram ferimentos leves.\nAs v\u00edtimas foram socorridas para o Hospital de Emerg\u00eancia e Trauma de Campina Grande. A unidade confirmou que os pacientes foram recebidos na Ala Vermelha, mas n\u00e3o informou o estado de sa\u00fade delas.\nV\u00eddeos mais assistidos do g1 Para\u00edba  ","protected":false},"excerpt":{"rendered":"<p>    Segundo a Pol\u00edcia Rodovi\u00e1ria Federal (PRF), cinco pessoas ficaram feridas e um adolescente morreu. Um acidente registrado na madrugada deste domingo (5) na BR-230, em Juazeirinho, Cariri da Para\u00edba, deixou um morto e cinco feridos. De acordo com a &#8230;<\/p>\n","protected":false},"author":2,"featured_media":0,"comment_status":"closed","ping_status":"closed","sticky":false,"template":"","format":"standard","meta":{"advgb_blocks_editor_width":"","advgb_blocks_columns_visual_guide":"","footnotes":""},"categories":[34],"tags":[35],"class_list":["post-10608","post","type-post","status-publish","format-standard","hentry","category-g1","tag-g1"],"author_meta":{"display_name":"g1 &gt; Para\u00edba","author_link":"https:\/\/sindaopcpb.org.br\/author\/g1-paraiba\/"},"featured_img":null,"coauthors":[],"tax_additional":{"categories":{"linked":["<a href=\"https:\/\/sindaopcpb.org.br\/g1\/\" class=\"advgb-post-tax-term\">G1<\/a>"],"unlinked":["<span class=\"advgb-post-tax-term\">G1<\/span>"]},"tags":{"linked":["<a href=\"https:\/\/sindaopcpb.org.br\/g1\/\" class=\"advgb-post-tax-term\">g1<\/a>"],"unlinked":["<span class=\"advgb-post-tax-term\">g1<\/span>"]}},"comment_count":"0","relative_dates":{"created":"Publicado 3 anos atr\u00e1s","modified":"Atualizado 3 anos atr\u00e1s"},"absolute_dates":{"created":"Publicado em 5 de mar\u00e7o de 2023","modified":"Atualizado em 5 de mar\u00e7o de 2023"},"absolute_dates_time":{"created":"Publicado em 5 de mar\u00e7o de 2023 11:20","modified":"Atualizado em 5 de mar\u00e7o de 2023 11:20"},"featured_img_caption":"","series_order":"","_links":{"self":[{"href":"https:\/\/sindaopcpb.org.br\/index.php\/wp-json\/wp\/v2\/posts\/10608","targetHints":{"allow":["GET"]}}],"collection":[{"href":"https:\/\/sindaopcpb.org.br\/index.php\/wp-json\/wp\/v2\/posts"}],"about":[{"href":"https:\/\/sindaopcpb.org.br\/index.php\/wp-json\/wp\/v2\/types\/post"}],"author":[{"embeddable":true,"href":"https:\/\/sindaopcpb.org.br\/index.php\/wp-json\/wp\/v2\/users\/2"}],"replies":[{"embeddable":true,"href":"https:\/\/sindaopcpb.org.br\/index.php\/wp-json\/wp\/v2\/comments?post=10608"}],"version-history":[{"count":1,"href":"https:\/\/sindaopcpb.org.br\/index.php\/wp-json\/wp\/v2\/posts\/10608\/revisions"}],"predecessor-version":[{"id":10609,"href":"https:\/\/sindaopcpb.org.br\/index.php\/wp-json\/wp\/v2\/posts\/10608\/revisions\/10609"}],"wp:attachment":[{"href":"https:\/\/sindaopcpb.org.br\/index.php\/wp-json\/wp\/v2\/media?parent=10608"}],"wp:term":[{"taxonomy":"category","embeddable":true,"href":"https:\/\/sindaopcpb.org.br\/index.php\/wp-json\/wp\/v2\/categories?post=10608"},{"taxonomy":"post_tag","embeddable":true,"href":"https:\/\/sindaopcpb.org.br\/index.php\/wp-json\/wp\/v2\/tags?post=10608"}],"curies":[{"name":"wp","href":"https:\/\/api.w.org\/{rel}","templated":true}]}}