{"id":10589,"date":"2023-03-04T17:30:58","date_gmt":"2023-03-04T20:30:58","guid":{"rendered":"https:\/\/g1.globo.com\/pb\/paraiba\/noticia\/2023\/03\/04\/homem-e-preso-com-celulares-e-eletronicos-sem-nota-fiscal-ao-desembarcar-no-aeroporto-de-joao-pessoa.ghtml"},"modified":"2023-03-04T17:30:58","modified_gmt":"2023-03-04T20:30:58","slug":"homem-e-preso-com-celulares-e-eletronicos-sem-nota-fiscal-no-aeroporto-de-joao-pessoa","status":"publish","type":"post","link":"https:\/\/sindaopcpb.org.br\/index.php\/2023\/03\/04\/homem-e-preso-com-celulares-e-eletronicos-sem-nota-fiscal-no-aeroporto-de-joao-pessoa\/","title":{"rendered":"Homem \u00e9 preso com celulares e eletr\u00f4nicos sem nota fiscal no aeroporto de Jo\u00e3o Pessoa"},"content":{"rendered":"   <img src=\"https:\/\/s2.glbimg.com\/EKoFmpifLhhKs-8sFfH-SZDvjTo=\/i.s3.glbimg.com\/v1\/AUTH_59edd422c0c84a879bd37670ae4f538a\/internal_photos\/bs\/2023\/y\/Y\/BxWpMzR9qg0MrVKzt8CA\/whatsapp-image-2023-03-04-at-16.47.20.jpeg\" \/><br \/>     Pris\u00e3o aconteceu na madrugada deste s\u00e1bado (4), no Aeroporto Castro Ponto. Suspeito, de 42 anos, informou que a mercadoria, sem nota fiscal, seria vendida na internet. Homem \u00e9 preso com celulares e eletr\u00f4nicos sem nota fiscal ao desembarcar no aeroporto de Jo\u00e3o Pessoa\nDivulga\u00e7\u00e3o\/Pol\u00edcia Federal\nUm homem de 42 anos foi preso pela Pol\u00edcia Federal no Aeroporto Castro Pinto, na Grande Jo\u00e3o Pessoa, na madrugada deste s\u00e1bado (4), com malas e mochila com celulares, notebooks e aparelhos eletr\u00f4nicos de maneira clandestina que seriam comercializados na internet.\nDe acordo com a Pol\u00edcia Federal, o suspeito vinha de um voo de Guarulhos, em S\u00e3o Paulo, e, segundo ele, as mercadorias teriam sido adquiridas no Centro de S\u00e3o Paulo para serem vendidas atrav\u00e9s de an\u00fancios na internet. A mercadoria n\u00e3o tinha nota fiscal e o homem foi preso em flagrante\nO suspeito pagou fian\u00e7a e vai responder o processo em liberdade. O material apreendido foi encaminhado para per\u00edcia onde ser\u00e1 investigada a proced\u00eancia da mercadoria.\nV\u00eddeos mais assistidos do g1 Para\u00edba  ","protected":false},"excerpt":{"rendered":"<p>        Pris\u00e3o aconteceu na madrugada deste s\u00e1bado (4), no Aeroporto Castro Ponto. Suspeito, de 42 anos, informou que a mercadoria, sem nota fiscal, seria vendida na internet. Homem \u00e9 preso com celulares e eletr\u00f4nicos sem nota fiscal ao desembarcar no &#8230;<\/p>\n","protected":false},"author":2,"featured_media":0,"comment_status":"closed","ping_status":"closed","sticky":false,"template":"","format":"standard","meta":{"advgb_blocks_editor_width":"","advgb_blocks_columns_visual_guide":"","footnotes":""},"categories":[34],"tags":[35],"class_list":["post-10589","post","type-post","status-publish","format-standard","hentry","category-g1","tag-g1"],"author_meta":{"display_name":"g1 &gt; Para\u00edba","author_link":"https:\/\/sindaopcpb.org.br\/author\/g1-paraiba\/"},"featured_img":null,"coauthors":[],"tax_additional":{"categories":{"linked":["<a href=\"https:\/\/sindaopcpb.org.br\/g1\/\" class=\"advgb-post-tax-term\">G1<\/a>"],"unlinked":["<span class=\"advgb-post-tax-term\">G1<\/span>"]},"tags":{"linked":["<a href=\"https:\/\/sindaopcpb.org.br\/g1\/\" class=\"advgb-post-tax-term\">g1<\/a>"],"unlinked":["<span class=\"advgb-post-tax-term\">g1<\/span>"]}},"comment_count":"0","relative_dates":{"created":"Publicado 3 anos atr\u00e1s","modified":"Atualizado 3 anos atr\u00e1s"},"absolute_dates":{"created":"Publicado em 4 de mar\u00e7o de 2023","modified":"Atualizado em 4 de mar\u00e7o de 2023"},"absolute_dates_time":{"created":"Publicado em 4 de mar\u00e7o de 2023 17:30","modified":"Atualizado em 4 de mar\u00e7o de 2023 17:30"},"featured_img_caption":"","series_order":"","_links":{"self":[{"href":"https:\/\/sindaopcpb.org.br\/index.php\/wp-json\/wp\/v2\/posts\/10589","targetHints":{"allow":["GET"]}}],"collection":[{"href":"https:\/\/sindaopcpb.org.br\/index.php\/wp-json\/wp\/v2\/posts"}],"about":[{"href":"https:\/\/sindaopcpb.org.br\/index.php\/wp-json\/wp\/v2\/types\/post"}],"author":[{"embeddable":true,"href":"https:\/\/sindaopcpb.org.br\/index.php\/wp-json\/wp\/v2\/users\/2"}],"replies":[{"embeddable":true,"href":"https:\/\/sindaopcpb.org.br\/index.php\/wp-json\/wp\/v2\/comments?post=10589"}],"version-history":[{"count":2,"href":"https:\/\/sindaopcpb.org.br\/index.php\/wp-json\/wp\/v2\/posts\/10589\/revisions"}],"predecessor-version":[{"id":10599,"href":"https:\/\/sindaopcpb.org.br\/index.php\/wp-json\/wp\/v2\/posts\/10589\/revisions\/10599"}],"wp:attachment":[{"href":"https:\/\/sindaopcpb.org.br\/index.php\/wp-json\/wp\/v2\/media?parent=10589"}],"wp:term":[{"taxonomy":"category","embeddable":true,"href":"https:\/\/sindaopcpb.org.br\/index.php\/wp-json\/wp\/v2\/categories?post=10589"},{"taxonomy":"post_tag","embeddable":true,"href":"https:\/\/sindaopcpb.org.br\/index.php\/wp-json\/wp\/v2\/tags?post=10589"}],"curies":[{"name":"wp","href":"https:\/\/api.w.org\/{rel}","templated":true}]}}