{"id":10587,"date":"2023-03-04T17:31:19","date_gmt":"2023-03-04T20:31:19","guid":{"rendered":"https:\/\/g1.globo.com\/pb\/paraiba\/noticia\/2023\/03\/04\/governo-da-pb-prorroga-reducao-do-icms-do-diesel-para-empresas-de-transporte-coletivo-ate-o-fim-de-2023.ghtml"},"modified":"2023-03-04T17:31:19","modified_gmt":"2023-03-04T20:31:19","slug":"governo-da-pb-prorroga-reducao-do-icms-do-diesel-para-empresas-de-transporte-coletivo-ate-o-fim-de-2023","status":"publish","type":"post","link":"https:\/\/sindaopcpb.org.br\/index.php\/2023\/03\/04\/governo-da-pb-prorroga-reducao-do-icms-do-diesel-para-empresas-de-transporte-coletivo-ate-o-fim-de-2023\/","title":{"rendered":"Governo da PB prorroga redu\u00e7\u00e3o do ICMS do diesel para empresas de transporte coletivo at\u00e9 o fim de 2023"},"content":{"rendered":"   <img src=\"https:\/\/s2.glbimg.com\/Tp6_aDRrcVNIFGOQfNllsC6yTVU=\/i.s3.glbimg.com\/v1\/AUTH_59edd422c0c84a879bd37670ae4f538a\/internal_photos\/bs\/2021\/6\/B\/rsve9URbuUssLAreuepA\/whatsapp-image-2021-07-06-at-12.26.59.jpeg\" \/><br \/>     Prorroga\u00e7\u00e3o \u00e9 v\u00e1lida at\u00e9 31 de dezembro deste ano e \u00e9 destinada \u00e0s empresas concession\u00e1rias ou permission\u00e1rias de transporte coletivo de passageiros urbanos na PB. Governo da PB prorroga redu\u00e7\u00e3o do ICMS do diesel para empresas de transporte coletivo at\u00e9 o fim de 2023\nArtur Lira\/TV Para\u00edba\nO Governo da Para\u00edba prorrogou at\u00e9 31 de dezembro deste ano a redu\u00e7\u00e3o de 50% da base de c\u00e1lculo do ICMS nas opera\u00e7\u00f5es internas com \u00f3leo diesel, destinada \u00e0s empresas concession\u00e1rias ou permission\u00e1rias de transporte coletivo de passageiros urbanos da Grande Jo\u00e3o Pessoa, de Campina Grande e munic\u00edpios vizinhos. \nOs decretos assinados pelo governador Jo\u00e3o Azev\u00eado foram publicados no Di\u00e1rio Oficial do Estado deste s\u00e1bado (4), mas produzem efeitos desde o dia 1\u00ba de mar\u00e7o.\nCom base no decreto, a redu\u00e7\u00e3o de 50% do ICMS no \u00f3leo diesel \u00e9 condicionada apenas \u00e0s empresas concession\u00e1rias do servi\u00e7o p\u00fablico de transporte coletivo que n\u00e3o reajustarem, no exerc\u00edcio de 2023, um percentual acima de 6,8% na passagem ao usu\u00e1rio. Esse foi justamente o \u00edndice que o Conselho de Mobilidade Urbana de Jo\u00e3o Pessoa definiu como reajuste do pre\u00e7o de passagem coletivo de \u00f4nibus, a partir deste domingo (5) na capital paraibana.\nO novo decreto manteve o alcance de redu\u00e7\u00e3o de ICMS no \u00f3leo diesel para as empresas de transporte coletivo urbano da Grande Jo\u00e3o Pessoa (Bayeux, Cabedelo, Conde, Jacum\u00e3 e Santa Rita), de Campina Grande e munic\u00edpios da regi\u00e3o, como Lagoa Seca, Queimadas, Massaranduba, Montadas, Puxinan\u00e3, Alagoa Nova e Serra Redonda; e com a segunda passagem do transporte de integra\u00e7\u00e3o.\nV\u00eddeos mais assistidos do g1 Para\u00edba  ","protected":false},"excerpt":{"rendered":"<p>        Prorroga\u00e7\u00e3o \u00e9 v\u00e1lida at\u00e9 31 de dezembro deste ano e \u00e9 destinada \u00e0s empresas concession\u00e1rias ou permission\u00e1rias de transporte coletivo de passageiros urbanos na PB. Governo da PB prorroga redu\u00e7\u00e3o do ICMS do diesel para empresas de transporte col&#8230;<\/p>\n","protected":false},"author":2,"featured_media":0,"comment_status":"closed","ping_status":"closed","sticky":false,"template":"","format":"standard","meta":{"advgb_blocks_editor_width":"","advgb_blocks_columns_visual_guide":"","footnotes":""},"categories":[34],"tags":[35],"class_list":["post-10587","post","type-post","status-publish","format-standard","hentry","category-g1","tag-g1"],"author_meta":{"display_name":"g1 &gt; Para\u00edba","author_link":"https:\/\/sindaopcpb.org.br\/author\/g1-paraiba\/"},"featured_img":null,"coauthors":[],"tax_additional":{"categories":{"linked":["<a href=\"https:\/\/sindaopcpb.org.br\/g1\/\" class=\"advgb-post-tax-term\">G1<\/a>"],"unlinked":["<span class=\"advgb-post-tax-term\">G1<\/span>"]},"tags":{"linked":["<a href=\"https:\/\/sindaopcpb.org.br\/g1\/\" class=\"advgb-post-tax-term\">g1<\/a>"],"unlinked":["<span class=\"advgb-post-tax-term\">g1<\/span>"]}},"comment_count":"0","relative_dates":{"created":"Publicado 3 anos atr\u00e1s","modified":"Atualizado 3 anos atr\u00e1s"},"absolute_dates":{"created":"Publicado em 4 de mar\u00e7o de 2023","modified":"Atualizado em 4 de mar\u00e7o de 2023"},"absolute_dates_time":{"created":"Publicado em 4 de mar\u00e7o de 2023 17:31","modified":"Atualizado em 4 de mar\u00e7o de 2023 17:31"},"featured_img_caption":"","series_order":"","_links":{"self":[{"href":"https:\/\/sindaopcpb.org.br\/index.php\/wp-json\/wp\/v2\/posts\/10587","targetHints":{"allow":["GET"]}}],"collection":[{"href":"https:\/\/sindaopcpb.org.br\/index.php\/wp-json\/wp\/v2\/posts"}],"about":[{"href":"https:\/\/sindaopcpb.org.br\/index.php\/wp-json\/wp\/v2\/types\/post"}],"author":[{"embeddable":true,"href":"https:\/\/sindaopcpb.org.br\/index.php\/wp-json\/wp\/v2\/users\/2"}],"replies":[{"embeddable":true,"href":"https:\/\/sindaopcpb.org.br\/index.php\/wp-json\/wp\/v2\/comments?post=10587"}],"version-history":[{"count":1,"href":"https:\/\/sindaopcpb.org.br\/index.php\/wp-json\/wp\/v2\/posts\/10587\/revisions"}],"predecessor-version":[{"id":10588,"href":"https:\/\/sindaopcpb.org.br\/index.php\/wp-json\/wp\/v2\/posts\/10587\/revisions\/10588"}],"wp:attachment":[{"href":"https:\/\/sindaopcpb.org.br\/index.php\/wp-json\/wp\/v2\/media?parent=10587"}],"wp:term":[{"taxonomy":"category","embeddable":true,"href":"https:\/\/sindaopcpb.org.br\/index.php\/wp-json\/wp\/v2\/categories?post=10587"},{"taxonomy":"post_tag","embeddable":true,"href":"https:\/\/sindaopcpb.org.br\/index.php\/wp-json\/wp\/v2\/tags?post=10587"}],"curies":[{"name":"wp","href":"https:\/\/api.w.org\/{rel}","templated":true}]}}