{"id":10585,"date":"2023-03-04T13:12:39","date_gmt":"2023-03-04T16:12:39","guid":{"rendered":"https:\/\/g1.globo.com\/pb\/paraiba\/noticia\/2023\/03\/04\/entenda-como-o-novo-preco-da-passagem-de-onibus-de-joao-pessoa-compromete-o-salario-minimo.ghtml"},"modified":"2023-03-04T13:12:39","modified_gmt":"2023-03-04T16:12:39","slug":"entenda-como-o-novo-preco-da-passagem-de-onibus-de-joao-pessoa-compromete-o-salario-minimo","status":"publish","type":"post","link":"https:\/\/sindaopcpb.org.br\/index.php\/2023\/03\/04\/entenda-como-o-novo-preco-da-passagem-de-onibus-de-joao-pessoa-compromete-o-salario-minimo\/","title":{"rendered":"Entenda como o novo pre\u00e7o da passagem de \u00f4nibus de Jo\u00e3o Pessoa compromete o sal\u00e1rio m\u00ednimo"},"content":{"rendered":"   <img src=\"https:\/\/s2.glbimg.com\/I5URlrmv20vxoaT4vTIS52uc3Uo=\/i.s3.glbimg.com\/v1\/AUTH_59edd422c0c84a879bd37670ae4f538a\/internal_photos\/bs\/2021\/Q\/a\/Gyco9yRAAL6c1SE0RA9g\/vlcsnap-2021-03-29-15h48m51s828.png\" \/><br \/>     G1 traz dois cen\u00e1rios, com base em c\u00e1lculos, para explicar como o novo pre\u00e7o da passagem de \u00f4nibus pode comprometer o sal\u00e1rio.\n Passageiros esperando por \u00f4nibus no Terminal de Integra\u00e7\u00e3o do Varadouro, em Jo\u00e3o Pessoa\nWalter Paparazzo\/G1\nO pre\u00e7o da passagem de \u00f4nibus aumentou em Jo\u00e3o Pessoa, passando de R$ 4,40 para R$ 4,70, e entra em vigor no domingo (5). Pensando nisso, o g1 traz alguns cen\u00e1rios que mostram como o reajuste pode afetar o bolso dos usu\u00e1rios do transporte p\u00fablico. Veja as hip\u00f3teses mais abaixo.\nCompartilhe esta not\u00edcia pelo Whatsapp\nCompartilhe esta not\u00edcia pelo Telegram\n1\u00ba cen\u00e1rio: novo pre\u00e7o da passagem de \u00f4nibus compromete quase 15% do sal\u00e1rio\nSe o usu\u00e1rio do transporte p\u00fablico trabalha ou estuda entre a segunda-feira e sexta-feira, usa o servi\u00e7o durante cinco dias na semana. Levando em considera\u00e7\u00e3o que o m\u00eas tem quatro semanas, ele faz 10 viagens de \u00f4nibus semanalmente (contando trajetos de ida e volta) e 40 no m\u00eas.\nLEIA TAMB\u00c9M:\nPassagens de \u00f4nibus intermunicipais da Regi\u00e3o Metropolitana de JP t\u00eam reajuste aprovado\nNesse caso, o gasto \u00e9 de R$ 47 por semana e R$ 188 por m\u00eas. Mensalmente, este \u00faltimo valor compromete 14,4% do sal\u00e1rio m\u00ednimo.\n2\u00ba cen\u00e1rio: novo pre\u00e7o da passagem de \u00f4nibus compromete mais de 17% do sal\u00e1rio\nSe o usu\u00e1rio do transporte p\u00fablico trabalha ou estuda entre a segunda-feira e s\u00e1bado, usa o servi\u00e7o durante 6 dias na semana. Levando em considera\u00e7\u00e3o que o m\u00eas tem quatro semanas, ele faz 12 viagens de \u00f4nibus semanalmente (contando trajetos de ida e volta) e 48 no m\u00eas.\nNesse caso, o gasto \u00e9 de R$ 56,40 por semana e R$ 225,60 por m\u00eas. Mensalmente, este \u00faltimo valor compromete 17,3% do sal\u00e1rio m\u00ednimo.\nAlmo\u00e7o em casa compromete ainda mais o sal\u00e1rio \nA parcela do sal\u00e1rio comprometida pelo novo pre\u00e7o da passagem de \u00f4nibus pode ser maior se o trabalhador ou estudante almo\u00e7ar em casa. Em casos assim, os valores dos cen\u00e1rios 1 e 2 dobram.\nNo caso de quem usa o transporte p\u00fablico entre a segunda-feira e sexta-feira, com quatro viagens di\u00e1rias por cinco vezes na semana, o valor mensal destinado \u00e0 passagem de \u00f4nibus \u00e9 de R$ 376, que corresponde a R$ 28,8% do sal\u00e1rio m\u00ednimo.\nJ\u00e1 para quem precisa do servi\u00e7o entre a segunda-feira e s\u00e1bado, tamb\u00e9m com quatro viagens di\u00e1rias, mas seis vezes por semana, o valor mensal destinado \u00e0 passagem de \u00f4nibus \u00e9 de R$ 451,20, que corresponde a R$ 34,6% do sal\u00e1rio m\u00ednimo.\nV\u00eddeos mais assistidos do g1 Para\u00edba  ","protected":false},"excerpt":{"rendered":"<p>        G1 traz dois cen\u00e1rios, com base em c\u00e1lculos, para explicar como o novo pre\u00e7o da passagem de \u00f4nibus pode comprometer o sal\u00e1rio.<br \/>\n Passageiros esperando por \u00f4nibus no Terminal de Integra\u00e7\u00e3o do Varadouro, em Jo\u00e3o Pessoa<br \/>\nWalter Paparazzo\/G1<br \/>\nO pre\u00e7o &#8230;<\/p>\n","protected":false},"author":2,"featured_media":0,"comment_status":"closed","ping_status":"closed","sticky":false,"template":"","format":"standard","meta":{"advgb_blocks_editor_width":"","advgb_blocks_columns_visual_guide":"","footnotes":""},"categories":[34],"tags":[35],"class_list":["post-10585","post","type-post","status-publish","format-standard","hentry","category-g1","tag-g1"],"author_meta":{"display_name":"g1 &gt; Para\u00edba","author_link":"https:\/\/sindaopcpb.org.br\/author\/g1-paraiba\/"},"featured_img":null,"coauthors":[],"tax_additional":{"categories":{"linked":["<a href=\"https:\/\/sindaopcpb.org.br\/g1\/\" class=\"advgb-post-tax-term\">G1<\/a>"],"unlinked":["<span class=\"advgb-post-tax-term\">G1<\/span>"]},"tags":{"linked":["<a href=\"https:\/\/sindaopcpb.org.br\/g1\/\" class=\"advgb-post-tax-term\">g1<\/a>"],"unlinked":["<span class=\"advgb-post-tax-term\">g1<\/span>"]}},"comment_count":"0","relative_dates":{"created":"Publicado 3 anos atr\u00e1s","modified":"Atualizado 3 anos atr\u00e1s"},"absolute_dates":{"created":"Publicado em 4 de mar\u00e7o de 2023","modified":"Atualizado em 4 de mar\u00e7o de 2023"},"absolute_dates_time":{"created":"Publicado em 4 de mar\u00e7o de 2023 13:12","modified":"Atualizado em 4 de mar\u00e7o de 2023 13:12"},"featured_img_caption":"","series_order":"","_links":{"self":[{"href":"https:\/\/sindaopcpb.org.br\/index.php\/wp-json\/wp\/v2\/posts\/10585","targetHints":{"allow":["GET"]}}],"collection":[{"href":"https:\/\/sindaopcpb.org.br\/index.php\/wp-json\/wp\/v2\/posts"}],"about":[{"href":"https:\/\/sindaopcpb.org.br\/index.php\/wp-json\/wp\/v2\/types\/post"}],"author":[{"embeddable":true,"href":"https:\/\/sindaopcpb.org.br\/index.php\/wp-json\/wp\/v2\/users\/2"}],"replies":[{"embeddable":true,"href":"https:\/\/sindaopcpb.org.br\/index.php\/wp-json\/wp\/v2\/comments?post=10585"}],"version-history":[{"count":2,"href":"https:\/\/sindaopcpb.org.br\/index.php\/wp-json\/wp\/v2\/posts\/10585\/revisions"}],"predecessor-version":[{"id":10591,"href":"https:\/\/sindaopcpb.org.br\/index.php\/wp-json\/wp\/v2\/posts\/10585\/revisions\/10591"}],"wp:attachment":[{"href":"https:\/\/sindaopcpb.org.br\/index.php\/wp-json\/wp\/v2\/media?parent=10585"}],"wp:term":[{"taxonomy":"category","embeddable":true,"href":"https:\/\/sindaopcpb.org.br\/index.php\/wp-json\/wp\/v2\/categories?post=10585"},{"taxonomy":"post_tag","embeddable":true,"href":"https:\/\/sindaopcpb.org.br\/index.php\/wp-json\/wp\/v2\/tags?post=10585"}],"curies":[{"name":"wp","href":"https:\/\/api.w.org\/{rel}","templated":true}]}}