{"id":10525,"date":"2023-03-02T17:26:07","date_gmt":"2023-03-02T20:26:07","guid":{"rendered":"https:\/\/g1.globo.com\/pb\/paraiba\/noticia\/2023\/03\/02\/camara-aprova-aumento-do-numero-de-vereadores-em-joao-pessoa.ghtml"},"modified":"2023-03-02T17:26:07","modified_gmt":"2023-03-02T20:26:07","slug":"camara-aprova-aumento-do-numero-de-vereadores-em-joao-pessoa","status":"publish","type":"post","link":"https:\/\/sindaopcpb.org.br\/index.php\/2023\/03\/02\/camara-aprova-aumento-do-numero-de-vereadores-em-joao-pessoa\/","title":{"rendered":"C\u00e2mara aprova aumento do n\u00famero de vereadores em Jo\u00e3o Pessoa"},"content":{"rendered":"   <img src=\"https:\/\/s2.glbimg.com\/CMo05HWbvx48sNHItDXf4I0z_yw=\/s.glbimg.com\/jo\/g1\/f\/original\/2017\/02\/09\/camara_municipal_de_joao_pessoa_francisco_franca.jpg\" \/><br \/>     Com a medida, o poder legislativo municipal passa de 27 para 29 parlamentares. Servidores efetivos do poder legislativo municipal receberam reajuste salarial de quase 12%. C\u00e2mara Municipal de Jo\u00e3o Pessoa\nFrancisco Fran\u00e7a\/Jornal da Para\u00edba\nA C\u00e2mara Municipal de Jo\u00e3o Pessoa (CMJP) aprovou, na manh\u00e3 desta quinta-feira (2), a Proposta de Emenda \u00e0 Lei Org\u00e2nica do Munic\u00edpio com o aumento de duas vagas para a fun\u00e7\u00e3o de vereador.\nCom a mudan\u00e7a, o poder legislativo municipal passa de 27 para 29 parlamentares \u201celeitos pelo sistema proporcional [...] com mandato de quatro anos\u201d.\nCompartilhe esta not\u00edcia pelo Whatsapp\nCompartilhe esta not\u00edcia pelo Telegram\nA medida foi justificada pela Mesa Diretora da C\u00e2mara Municipal a partir do artigo 29 da Constitui\u00e7\u00e3o Federal, que regulamenta a possibilidade de aumento.\nConforme o texto da Constitui\u00e7\u00e3o, uma cidade com popula\u00e7\u00e3o entre 750.000 e 900.000 habitantes pode ter at\u00e9 29 vereadores.\nDe acordo com o que a ponta C\u00e2mara, o Instituto Brasileiro de Geografia e Estat\u00edstica (IBGE) projeta que a popula\u00e7\u00e3o de Jo\u00e3o Pessoa \u00e9 de 850 mil habitantes. Por isso, a cria\u00e7\u00e3o de duas novas vagas \u00e9 considera legal e vi\u00e1vel.\n \u201cJo\u00e3o Pessoa hoje tem condi\u00e7\u00f5es f\u00edsicas e financeiras de comportar o aumento do n\u00famero de vereadores para 29. Tanto \u00e9 assim que o legislativo se preparou para esse n\u00famero construindo 32 Gabinetes em sua nova Sede\u201d, destacou o presidente Dinho Dowsley (Avante).\nC\u00e2mara de Vereadores anuncia reajuste salarial de servidores efetivos\nAinda nesta quinta-feira (2), tamb\u00e9m foi anunciado um reajuste salarial de 11,4% para os servidores efetivos da C\u00e2mara Municipal de Jo\u00e3o Pessoa.\nO \u00edndice foi acordado, segundo a CMJP, em reuni\u00e3o com os efetivos, mediados pela Associa\u00e7\u00e3o dos Servidores do Poder Legislativo Municipal de Jo\u00e3o Pessoa (Aslegi).\nV\u00eddeos mais assistidos do g1 Para\u00edba  ","protected":false},"excerpt":{"rendered":"<p>        Com a medida, o poder legislativo municipal passa de 27 para 29 parlamentares. Servidores efetivos do poder legislativo municipal receberam reajuste salarial de quase 12%. C\u00e2mara Municipal de Jo\u00e3o Pessoa<br \/>\nFrancisco Fran\u00e7a\/Jornal da Para\u00edba<br \/>\nA C\u00e2m&#8230;<\/p>\n","protected":false},"author":2,"featured_media":0,"comment_status":"closed","ping_status":"closed","sticky":false,"template":"","format":"standard","meta":{"advgb_blocks_editor_width":"","advgb_blocks_columns_visual_guide":"","footnotes":""},"categories":[34],"tags":[35],"class_list":["post-10525","post","type-post","status-publish","format-standard","hentry","category-g1","tag-g1"],"author_meta":{"display_name":"g1 &gt; Para\u00edba","author_link":"https:\/\/sindaopcpb.org.br\/author\/g1-paraiba\/"},"featured_img":null,"coauthors":[],"tax_additional":{"categories":{"linked":["<a href=\"https:\/\/sindaopcpb.org.br\/g1\/\" class=\"advgb-post-tax-term\">G1<\/a>"],"unlinked":["<span class=\"advgb-post-tax-term\">G1<\/span>"]},"tags":{"linked":["<a href=\"https:\/\/sindaopcpb.org.br\/g1\/\" class=\"advgb-post-tax-term\">g1<\/a>"],"unlinked":["<span class=\"advgb-post-tax-term\">g1<\/span>"]}},"comment_count":"0","relative_dates":{"created":"Publicado 3 anos atr\u00e1s","modified":"Atualizado 3 anos atr\u00e1s"},"absolute_dates":{"created":"Publicado em 2 de mar\u00e7o de 2023","modified":"Atualizado em 2 de mar\u00e7o de 2023"},"absolute_dates_time":{"created":"Publicado em 2 de mar\u00e7o de 2023 17:26","modified":"Atualizado em 2 de mar\u00e7o de 2023 17:26"},"featured_img_caption":"","series_order":"","_links":{"self":[{"href":"https:\/\/sindaopcpb.org.br\/index.php\/wp-json\/wp\/v2\/posts\/10525","targetHints":{"allow":["GET"]}}],"collection":[{"href":"https:\/\/sindaopcpb.org.br\/index.php\/wp-json\/wp\/v2\/posts"}],"about":[{"href":"https:\/\/sindaopcpb.org.br\/index.php\/wp-json\/wp\/v2\/types\/post"}],"author":[{"embeddable":true,"href":"https:\/\/sindaopcpb.org.br\/index.php\/wp-json\/wp\/v2\/users\/2"}],"replies":[{"embeddable":true,"href":"https:\/\/sindaopcpb.org.br\/index.php\/wp-json\/wp\/v2\/comments?post=10525"}],"version-history":[{"count":1,"href":"https:\/\/sindaopcpb.org.br\/index.php\/wp-json\/wp\/v2\/posts\/10525\/revisions"}],"predecessor-version":[{"id":10526,"href":"https:\/\/sindaopcpb.org.br\/index.php\/wp-json\/wp\/v2\/posts\/10525\/revisions\/10526"}],"wp:attachment":[{"href":"https:\/\/sindaopcpb.org.br\/index.php\/wp-json\/wp\/v2\/media?parent=10525"}],"wp:term":[{"taxonomy":"category","embeddable":true,"href":"https:\/\/sindaopcpb.org.br\/index.php\/wp-json\/wp\/v2\/categories?post=10525"},{"taxonomy":"post_tag","embeddable":true,"href":"https:\/\/sindaopcpb.org.br\/index.php\/wp-json\/wp\/v2\/tags?post=10525"}],"curies":[{"name":"wp","href":"https:\/\/api.w.org\/{rel}","templated":true}]}}