{"id":10507,"date":"2023-03-02T11:44:02","date_gmt":"2023-03-02T14:44:02","guid":{"rendered":"https:\/\/g1.globo.com\/pb\/paraiba\/noticia\/2023\/03\/02\/irmaos-resgatados-de-carcere-estao-vivendo-separadamente-mae-continua-presa-na-paraiba.ghtml"},"modified":"2023-03-02T11:44:02","modified_gmt":"2023-03-02T14:44:02","slug":"irmaos-resgatados-de-carcere-estao-vivendo-separadamente-mae-continua-presa-na-paraiba","status":"publish","type":"post","link":"https:\/\/sindaopcpb.org.br\/index.php\/2023\/03\/02\/irmaos-resgatados-de-carcere-estao-vivendo-separadamente-mae-continua-presa-na-paraiba\/","title":{"rendered":"Irm\u00e3os resgatados de c\u00e1rcere est\u00e3o vivendo separadamente; m\u00e3e continua presa, na Para\u00edba"},"content":{"rendered":"   <img src=\"https:\/\/s2.glbimg.com\/te3y7MGBixFBfFuBFkqNz9AqE48=\/i.s3.glbimg.com\/v1\/AUTH_59edd422c0c84a879bd37670ae4f538a\/internal_photos\/bs\/2023\/f\/5\/VhenIjT2mXaFV6wmsXTw\/situacao-carcere-.jpeg\" \/><br \/>     Um dos jovens ficava acorrentado em uma grade dentro da pr\u00f3pria casa. Os outros eram amarrados em camas. Tr\u00eas irm\u00e3os eram mantidos em c\u00e1rcere privado no Alto do Cumbi, em Mamanguape, na PB. Um deles era mantido acorrentado em uma cela.\nDivulga\u00e7\u00e3o\/Pol\u00edcia Civil\nOs tr\u00eas irm\u00e3os que foram resgatados de um c\u00e1rcere privado no Alto do Cumbi, na zona rural de Cuit\u00e9 de Mamanguape, na Para\u00edba, est\u00e3o vivendo separadamente. Segundo a Pol\u00edcia Civil, o jovem de 20 anos est\u00e1 internado no Complexo Psiqui\u00e1trico Juliano Moreira, em Jo\u00e3o Pessoa. J\u00e1 o 18 anos est\u00e1 sob os cuidados de um tio e o menino de 11 anos est\u00e1 em uma abrigo na cidade Mamanguape, tamb\u00e9m em tratamento de sa\u00fade.\nA Secretaria de Sa\u00fade do Estado, respons\u00e1vel pelo Juliano Moreira, informou que o jovem de 20 anos est\u00e1 estabilizado e sendo acompanhado pela equipe m\u00e9dica. O g1 n\u00e3o conseguiu atualiza\u00e7\u00f5es sobre o estado de sa\u00fade dos outros dois irm\u00e3os.\nAs v\u00edtimas vivam em c\u00e1rcere submetido pela pr\u00f3pria m\u00e3e, que foi presa e ainda conforme a pol\u00edcia, continua preventivamente no Centro de Reeduca\u00e7\u00e3o Feminina Maria J\u00falia Maranh\u00e3o, em Jo\u00e3o Pessoa. O inqu\u00e9rito policial ainda n\u00e3o foi conclu\u00eddo.\nEntenda o caso\nOs irm\u00e3os foram resgatados no in\u00edcio de fevereiro, depois de den\u00fancias que chegaram ao Minist\u00e9rio P\u00fablico do Estado da Para\u00edba (MPPB), Conselho Tutelar e Pol\u00edcia Civil.\nDe acordo com a investiga\u00e7\u00e3o da pol\u00edcia, um quarto do s\u00edtio onde moravam com a m\u00e3e foi transformado em uma cela grande. O adolescente de 18 anos ficava acorrentado em uma grade nesta parte da casa. Os outros eram amarrados em camas.\nO delegado Sylvio Rabello informou que o local onde as v\u00edtimas foram encontradas era prec\u00e1rio e suja. Filhos da mulher foram encontradas nus e semi-nus. Al\u00e9m disso, ela teria mantido um dos filhos acorrentado e outros dois amarrados para evitar que eles fugissem \u2014 j\u00e1 que supostamente sofriam de problemas psiqui\u00e1tricos.\nJovens resgatados de c\u00e1rcere na Para\u00edba foram levados primeiramente para o Hospital de Mamanguape\nDivulga\u00e7\u00e3o\/Pol\u00edcia Civil\nA mulher tem um total de 7 filhos. Fora uma filha casada, os outros seis moravam todos nesta mesma casa. \nOs tr\u00eas filhos que n\u00e3o eram submetidos ao c\u00e1rcere est\u00e3o sob os cuidados dos familiares, ainda segundo a Pol\u00edcia Civil. \nUma tia das v\u00edtimas disse que a m\u00e3e dos jovens tamb\u00e9m sofre com transtornos psiqui\u00e1tricos. Familiares e vizinhos afirmam que a situa\u00e7\u00e3o era de conhecimento da Secretaria de Sa\u00fade do Munic\u00edpio e que nunca houve uma assist\u00eancia adequada das autoridades.\nA prefeitura alega que atrav\u00e9s dos familiares a Secretaria tomou ci\u00eancia do caso e come\u00e7aram a tentar contato, mas a assist\u00eancia n\u00e3o aconteceu por falta de facilita\u00e7\u00e3o por parte da m\u00e3e \u2014 que n\u00e3o deixava ningu\u00e9m ter acesso a casa.\nO caso est\u00e1 sendo acompanhado pelo Centro de Refer\u00eancia de Assist\u00eancia Social (CRAS), Conselho Tutelar, Secret\u00e1ria de Sa\u00fade do Munic\u00edpio, Minist\u00e9rio P\u00fablico do Estado e pela pol\u00edcia.\nV\u00eddeos mais assistidos do g1 Para\u00edba  ","protected":false},"excerpt":{"rendered":"<p>        Um dos jovens ficava acorrentado em uma grade dentro da pr\u00f3pria casa. Os outros eram amarrados em camas. Tr\u00eas irm\u00e3os eram mantidos em c\u00e1rcere privado no Alto do Cumbi, em Mamanguape, na PB. Um deles era mantido acorrentado em uma cela.<br \/>\nDivulga\u00e7&#8230;<\/p>\n","protected":false},"author":2,"featured_media":0,"comment_status":"closed","ping_status":"closed","sticky":false,"template":"","format":"standard","meta":{"advgb_blocks_editor_width":"","advgb_blocks_columns_visual_guide":"","footnotes":""},"categories":[34],"tags":[35],"class_list":["post-10507","post","type-post","status-publish","format-standard","hentry","category-g1","tag-g1"],"author_meta":{"display_name":"g1 &gt; Para\u00edba","author_link":"https:\/\/sindaopcpb.org.br\/author\/g1-paraiba\/"},"featured_img":null,"coauthors":[],"tax_additional":{"categories":{"linked":["<a href=\"https:\/\/sindaopcpb.org.br\/g1\/\" class=\"advgb-post-tax-term\">G1<\/a>"],"unlinked":["<span class=\"advgb-post-tax-term\">G1<\/span>"]},"tags":{"linked":["<a href=\"https:\/\/sindaopcpb.org.br\/g1\/\" class=\"advgb-post-tax-term\">g1<\/a>"],"unlinked":["<span class=\"advgb-post-tax-term\">g1<\/span>"]}},"comment_count":"0","relative_dates":{"created":"Publicado 3 anos atr\u00e1s","modified":"Atualizado 3 anos atr\u00e1s"},"absolute_dates":{"created":"Publicado em 2 de mar\u00e7o de 2023","modified":"Atualizado em 2 de mar\u00e7o de 2023"},"absolute_dates_time":{"created":"Publicado em 2 de mar\u00e7o de 2023 11:44","modified":"Atualizado em 2 de mar\u00e7o de 2023 11:44"},"featured_img_caption":"","series_order":"","_links":{"self":[{"href":"https:\/\/sindaopcpb.org.br\/index.php\/wp-json\/wp\/v2\/posts\/10507","targetHints":{"allow":["GET"]}}],"collection":[{"href":"https:\/\/sindaopcpb.org.br\/index.php\/wp-json\/wp\/v2\/posts"}],"about":[{"href":"https:\/\/sindaopcpb.org.br\/index.php\/wp-json\/wp\/v2\/types\/post"}],"author":[{"embeddable":true,"href":"https:\/\/sindaopcpb.org.br\/index.php\/wp-json\/wp\/v2\/users\/2"}],"replies":[{"embeddable":true,"href":"https:\/\/sindaopcpb.org.br\/index.php\/wp-json\/wp\/v2\/comments?post=10507"}],"version-history":[{"count":2,"href":"https:\/\/sindaopcpb.org.br\/index.php\/wp-json\/wp\/v2\/posts\/10507\/revisions"}],"predecessor-version":[{"id":10514,"href":"https:\/\/sindaopcpb.org.br\/index.php\/wp-json\/wp\/v2\/posts\/10507\/revisions\/10514"}],"wp:attachment":[{"href":"https:\/\/sindaopcpb.org.br\/index.php\/wp-json\/wp\/v2\/media?parent=10507"}],"wp:term":[{"taxonomy":"category","embeddable":true,"href":"https:\/\/sindaopcpb.org.br\/index.php\/wp-json\/wp\/v2\/categories?post=10507"},{"taxonomy":"post_tag","embeddable":true,"href":"https:\/\/sindaopcpb.org.br\/index.php\/wp-json\/wp\/v2\/tags?post=10507"}],"curies":[{"name":"wp","href":"https:\/\/api.w.org\/{rel}","templated":true}]}}