{"id":10503,"date":"2023-03-02T12:50:12","date_gmt":"2023-03-02T15:50:12","guid":{"rendered":"https:\/\/g1.globo.com\/pb\/paraiba\/noticia\/2023\/03\/02\/enfermeiros-protestam-por-melhores-condicoes-salariais-na-secretaria-de-saude-da-pb.ghtml"},"modified":"2023-03-02T12:50:12","modified_gmt":"2023-03-02T15:50:12","slug":"enfermeiros-protestam-por-melhores-condicoes-salariais-na-secretaria-de-saude-da-pb","status":"publish","type":"post","link":"https:\/\/sindaopcpb.org.br\/index.php\/2023\/03\/02\/enfermeiros-protestam-por-melhores-condicoes-salariais-na-secretaria-de-saude-da-pb\/","title":{"rendered":"Enfermeiros protestam por melhores condi\u00e7\u00f5es salariais na Secretaria de Sa\u00fade da PB"},"content":{"rendered":"   <img src=\"https:\/\/s2.glbimg.com\/lj8N3PaWrplaxfbp8rBCnBUVIh8=\/i.s3.glbimg.com\/v1\/AUTH_59edd422c0c84a879bd37670ae4f538a\/internal_photos\/bs\/2023\/J\/o\/2GBcsuQv6Q7kPqeSruPw\/protesto-enfermeiros.jpg\" \/><br \/>     Trabalhadores pedem a volta das gratifica\u00e7\u00f5es para enfermeiros efetivos, em Jo\u00e3o Pessoa. Enfermeiros protestam em Jo\u00e3o Pessoa\nReprodu\u00e7\u00e3o\/TV Cabo Branco\nProfissionais da enfermagem protestaram na manh\u00e3 desta quinta-feira (2) em frente a Secretaria de Sa\u00fade do Estado, em Jo\u00e3o Pessoa. Os trabalhadores pedem a volta das gratifica\u00e7\u00f5es para enfermeiros efetivos.\nSegundo os profissionais, a gratifica\u00e7\u00e3o e os adicionais dos servidores efetivos teriam sido retirados pelo Governo do Estado. Eles pedem a implanta\u00e7\u00e3o do piso nacional da enfermagem.\nOs trabalhadores tamb\u00e9m solicitam uma reuni\u00e3o com a Secretaria de Sa\u00fade para discutir a situa\u00e7\u00e3o salarial da categoria.\nV\u00eddeos mais assistidos do g1 Para\u00edba  ","protected":false},"excerpt":{"rendered":"<p>        Trabalhadores pedem a volta das gratifica\u00e7\u00f5es para enfermeiros efetivos, em Jo\u00e3o Pessoa. Enfermeiros protestam em Jo\u00e3o Pessoa<br \/>\nReprodu\u00e7\u00e3o\/TV Cabo Branco<br \/>\nProfissionais da enfermagem protestaram na manh\u00e3 desta quinta-feira (2) em frente a Secretar&#8230;<\/p>\n","protected":false},"author":2,"featured_media":0,"comment_status":"closed","ping_status":"closed","sticky":false,"template":"","format":"standard","meta":{"advgb_blocks_editor_width":"","advgb_blocks_columns_visual_guide":"","footnotes":""},"categories":[34],"tags":[35],"class_list":["post-10503","post","type-post","status-publish","format-standard","hentry","category-g1","tag-g1"],"author_meta":{"display_name":"g1 &gt; Para\u00edba","author_link":"https:\/\/sindaopcpb.org.br\/author\/g1-paraiba\/"},"featured_img":null,"coauthors":[],"tax_additional":{"categories":{"linked":["<a href=\"https:\/\/sindaopcpb.org.br\/g1\/\" class=\"advgb-post-tax-term\">G1<\/a>"],"unlinked":["<span class=\"advgb-post-tax-term\">G1<\/span>"]},"tags":{"linked":["<a href=\"https:\/\/sindaopcpb.org.br\/g1\/\" class=\"advgb-post-tax-term\">g1<\/a>"],"unlinked":["<span class=\"advgb-post-tax-term\">g1<\/span>"]}},"comment_count":"0","relative_dates":{"created":"Publicado 3 anos atr\u00e1s","modified":"Atualizado 3 anos atr\u00e1s"},"absolute_dates":{"created":"Publicado em 2 de mar\u00e7o de 2023","modified":"Atualizado em 2 de mar\u00e7o de 2023"},"absolute_dates_time":{"created":"Publicado em 2 de mar\u00e7o de 2023 12:50","modified":"Atualizado em 2 de mar\u00e7o de 2023 12:50"},"featured_img_caption":"","series_order":"","_links":{"self":[{"href":"https:\/\/sindaopcpb.org.br\/index.php\/wp-json\/wp\/v2\/posts\/10503","targetHints":{"allow":["GET"]}}],"collection":[{"href":"https:\/\/sindaopcpb.org.br\/index.php\/wp-json\/wp\/v2\/posts"}],"about":[{"href":"https:\/\/sindaopcpb.org.br\/index.php\/wp-json\/wp\/v2\/types\/post"}],"author":[{"embeddable":true,"href":"https:\/\/sindaopcpb.org.br\/index.php\/wp-json\/wp\/v2\/users\/2"}],"replies":[{"embeddable":true,"href":"https:\/\/sindaopcpb.org.br\/index.php\/wp-json\/wp\/v2\/comments?post=10503"}],"version-history":[{"count":2,"href":"https:\/\/sindaopcpb.org.br\/index.php\/wp-json\/wp\/v2\/posts\/10503\/revisions"}],"predecessor-version":[{"id":10513,"href":"https:\/\/sindaopcpb.org.br\/index.php\/wp-json\/wp\/v2\/posts\/10503\/revisions\/10513"}],"wp:attachment":[{"href":"https:\/\/sindaopcpb.org.br\/index.php\/wp-json\/wp\/v2\/media?parent=10503"}],"wp:term":[{"taxonomy":"category","embeddable":true,"href":"https:\/\/sindaopcpb.org.br\/index.php\/wp-json\/wp\/v2\/categories?post=10503"},{"taxonomy":"post_tag","embeddable":true,"href":"https:\/\/sindaopcpb.org.br\/index.php\/wp-json\/wp\/v2\/tags?post=10503"}],"curies":[{"name":"wp","href":"https:\/\/api.w.org\/{rel}","templated":true}]}}