{"id":10225,"date":"2023-02-21T07:08:54","date_gmt":"2023-02-21T10:08:54","guid":{"rendered":"https:\/\/g1.globo.com\/pb\/paraiba\/noticia\/2023\/02\/21\/pai-e-preso-suspeito-de-matar-proprio-filho-no-sertao-da-paraiba.ghtml"},"modified":"2023-02-21T07:08:54","modified_gmt":"2023-02-21T10:08:54","slug":"pai-e-preso-suspeito-de-matar-o-proprio-filho-no-sertao-da-paraiba","status":"publish","type":"post","link":"https:\/\/sindaopcpb.org.br\/index.php\/2023\/02\/21\/pai-e-preso-suspeito-de-matar-o-proprio-filho-no-sertao-da-paraiba\/","title":{"rendered":"Pai \u00e9 preso suspeito de matar o pr\u00f3prio filho no Sert\u00e3o da Para\u00edba"},"content":{"rendered":"   <img src=\"https:\/\/s2.glbimg.com\/-W3Orzcyv0ezRdbx2yvcphqEJYE=\/i.s3.glbimg.com\/v1\/AUTH_59edd422c0c84a879bd37670ae4f538a\/internal_photos\/bs\/2023\/g\/9\/aXjpfjRHKBKdxYOQJmYw\/pai-suspeito-de-matar-filho.jfif\" \/><br \/>     Segundo a Pol\u00edcia Militar, o crime aconteceu durante uma discuss\u00e3o na noite desta segunda-feira (20), em Aparecida. Pai \u00e9 preso suspeito de matar pr\u00f3prio filho no Sert\u00e3o da Para\u00edba\nDivulga\u00e7\u00e3o\/Pol\u00edcia Militar\nUm homem de 61 anos foi preso na cidade de Aparecida, no Sert\u00e3o da Para\u00edba, suspeito de matar o pr\u00f3prio filho, na noite desta segunda-feira (20). Segundo a Pol\u00edcia Militar, o crime aconteceu durante uma discuss\u00e3o.\nDe acordo com a Pol\u00edcia Militar, o homem estaria brigando com a esposa quando o filho do casal tentou interromper a discuss\u00e3o. O rapaz, identificado como Jo\u00e3o Xavier Neto, de 27 anos, teria sido esfaqueado pelo pr\u00f3prio pai. Ele n\u00e3o resistiu aos ferimentos e morreu.\nO suspeito fugiu do local mas foi encontrado pela Pol\u00edcia Militar. Ele foi preso e um punhal que pode ter sido usado no crime foi apreendido.\nO caso segue em investiga\u00e7\u00e3o.\nV\u00eddeos mais assistidos do g1 Para\u00edba  ","protected":false},"excerpt":{"rendered":"<p>        Segundo a Pol\u00edcia Militar, o crime aconteceu durante uma discuss\u00e3o na noite desta segunda-feira (20), em Aparecida. Pai \u00e9 preso suspeito de matar pr\u00f3prio filho no Sert\u00e3o da Para\u00edba<br \/>\nDivulga\u00e7\u00e3o\/Pol\u00edcia Militar<br \/>\nUm homem de 61 anos foi preso na cid&#8230;<\/p>\n","protected":false},"author":2,"featured_media":0,"comment_status":"closed","ping_status":"closed","sticky":false,"template":"","format":"standard","meta":{"advgb_blocks_editor_width":"","advgb_blocks_columns_visual_guide":"","footnotes":""},"categories":[34],"tags":[35],"class_list":["post-10225","post","type-post","status-publish","format-standard","hentry","category-g1","tag-g1"],"author_meta":{"display_name":"g1 &gt; Para\u00edba","author_link":"https:\/\/sindaopcpb.org.br\/author\/g1-paraiba\/"},"featured_img":null,"coauthors":[],"tax_additional":{"categories":{"linked":["<a href=\"https:\/\/sindaopcpb.org.br\/g1\/\" class=\"advgb-post-tax-term\">G1<\/a>"],"unlinked":["<span class=\"advgb-post-tax-term\">G1<\/span>"]},"tags":{"linked":["<a href=\"https:\/\/sindaopcpb.org.br\/g1\/\" class=\"advgb-post-tax-term\">g1<\/a>"],"unlinked":["<span class=\"advgb-post-tax-term\">g1<\/span>"]}},"comment_count":"0","relative_dates":{"created":"Publicado 3 anos atr\u00e1s","modified":"Atualizado 3 anos atr\u00e1s"},"absolute_dates":{"created":"Publicado em 21 de fevereiro de 2023","modified":"Atualizado em 21 de fevereiro de 2023"},"absolute_dates_time":{"created":"Publicado em 21 de fevereiro de 2023 07:08","modified":"Atualizado em 21 de fevereiro de 2023 07:08"},"featured_img_caption":"","series_order":"","_links":{"self":[{"href":"https:\/\/sindaopcpb.org.br\/index.php\/wp-json\/wp\/v2\/posts\/10225","targetHints":{"allow":["GET"]}}],"collection":[{"href":"https:\/\/sindaopcpb.org.br\/index.php\/wp-json\/wp\/v2\/posts"}],"about":[{"href":"https:\/\/sindaopcpb.org.br\/index.php\/wp-json\/wp\/v2\/types\/post"}],"author":[{"embeddable":true,"href":"https:\/\/sindaopcpb.org.br\/index.php\/wp-json\/wp\/v2\/users\/2"}],"replies":[{"embeddable":true,"href":"https:\/\/sindaopcpb.org.br\/index.php\/wp-json\/wp\/v2\/comments?post=10225"}],"version-history":[{"count":1,"href":"https:\/\/sindaopcpb.org.br\/index.php\/wp-json\/wp\/v2\/posts\/10225\/revisions"}],"predecessor-version":[{"id":10226,"href":"https:\/\/sindaopcpb.org.br\/index.php\/wp-json\/wp\/v2\/posts\/10225\/revisions\/10226"}],"wp:attachment":[{"href":"https:\/\/sindaopcpb.org.br\/index.php\/wp-json\/wp\/v2\/media?parent=10225"}],"wp:term":[{"taxonomy":"category","embeddable":true,"href":"https:\/\/sindaopcpb.org.br\/index.php\/wp-json\/wp\/v2\/categories?post=10225"},{"taxonomy":"post_tag","embeddable":true,"href":"https:\/\/sindaopcpb.org.br\/index.php\/wp-json\/wp\/v2\/tags?post=10225"}],"curies":[{"name":"wp","href":"https:\/\/api.w.org\/{rel}","templated":true}]}}