{"id":10221,"date":"2023-02-21T06:37:07","date_gmt":"2023-02-21T09:37:07","guid":{"rendered":"https:\/\/g1.globo.com\/pb\/paraiba\/noticia\/2023\/02\/21\/empresario-morre-em-acidente-de-moto-em-joao-pessoa.ghtml"},"modified":"2023-02-21T06:37:07","modified_gmt":"2023-02-21T09:37:07","slug":"empresario-morre-em-acidente-de-moto-em-joao-pessoa","status":"publish","type":"post","link":"https:\/\/sindaopcpb.org.br\/index.php\/2023\/02\/21\/empresario-morre-em-acidente-de-moto-em-joao-pessoa\/","title":{"rendered":"Empres\u00e1rio morre em acidente de moto, em Jo\u00e3o Pessoa"},"content":{"rendered":"    Acidente aconteceu na Perimetral Sul, em Gramame, na madrugada desta ter\u00e7a-feira (21). Um homem de 39 anos morreu na madrugada desta ter\u00e7a-feira (21), na Perimetral Sul, em Gramame, em Jo\u00e3o Pessoa. Segundo a Pol\u00edcia Civil, a v\u00edtima era um empres\u00e1rio.\nDe acordo com a pol\u00edcia, o homem estava pilotando uma motocicleta e perdeu o controle do ve\u00edculo. A moto derrapou e caiu em um barranco junto com o motociclista.\nCom o impacto do acidente, o homem fraturou o pesco\u00e7o e morreu ainda no local.\nAinda de acordo com a pol\u00edcia, a v\u00edtima \u00e9 um empres\u00e1rio conhecido na Regi\u00e3o Sul de Jo\u00e3o Pessoa. A pol\u00edcia investiga as causas do acidente.\nV\u00eddeos mais assistidos do g1 Para\u00edba  ","protected":false},"excerpt":{"rendered":"<p>    Acidente aconteceu na Perimetral Sul, em Gramame, na madrugada desta ter\u00e7a-feira (21). Um homem de 39 anos morreu na madrugada desta ter\u00e7a-feira (21), na Perimetral Sul, em Gramame, em Jo\u00e3o Pessoa. Segundo a Pol\u00edcia Civil, a v\u00edtima era um empres\u00e1ri&#8230;<\/p>\n","protected":false},"author":2,"featured_media":0,"comment_status":"closed","ping_status":"closed","sticky":false,"template":"","format":"standard","meta":{"advgb_blocks_editor_width":"","advgb_blocks_columns_visual_guide":"","footnotes":""},"categories":[34],"tags":[35],"class_list":["post-10221","post","type-post","status-publish","format-standard","hentry","category-g1","tag-g1"],"author_meta":{"display_name":"g1 &gt; Para\u00edba","author_link":"https:\/\/sindaopcpb.org.br\/author\/g1-paraiba\/"},"featured_img":null,"coauthors":[],"tax_additional":{"categories":{"linked":["<a href=\"https:\/\/sindaopcpb.org.br\/g1\/\" class=\"advgb-post-tax-term\">G1<\/a>"],"unlinked":["<span class=\"advgb-post-tax-term\">G1<\/span>"]},"tags":{"linked":["<a href=\"https:\/\/sindaopcpb.org.br\/g1\/\" class=\"advgb-post-tax-term\">g1<\/a>"],"unlinked":["<span class=\"advgb-post-tax-term\">g1<\/span>"]}},"comment_count":"0","relative_dates":{"created":"Publicado 3 anos atr\u00e1s","modified":"Atualizado 3 anos atr\u00e1s"},"absolute_dates":{"created":"Publicado em 21 de fevereiro de 2023","modified":"Atualizado em 21 de fevereiro de 2023"},"absolute_dates_time":{"created":"Publicado em 21 de fevereiro de 2023 06:37","modified":"Atualizado em 21 de fevereiro de 2023 06:37"},"featured_img_caption":"","series_order":"","_links":{"self":[{"href":"https:\/\/sindaopcpb.org.br\/index.php\/wp-json\/wp\/v2\/posts\/10221","targetHints":{"allow":["GET"]}}],"collection":[{"href":"https:\/\/sindaopcpb.org.br\/index.php\/wp-json\/wp\/v2\/posts"}],"about":[{"href":"https:\/\/sindaopcpb.org.br\/index.php\/wp-json\/wp\/v2\/types\/post"}],"author":[{"embeddable":true,"href":"https:\/\/sindaopcpb.org.br\/index.php\/wp-json\/wp\/v2\/users\/2"}],"replies":[{"embeddable":true,"href":"https:\/\/sindaopcpb.org.br\/index.php\/wp-json\/wp\/v2\/comments?post=10221"}],"version-history":[{"count":1,"href":"https:\/\/sindaopcpb.org.br\/index.php\/wp-json\/wp\/v2\/posts\/10221\/revisions"}],"predecessor-version":[{"id":10222,"href":"https:\/\/sindaopcpb.org.br\/index.php\/wp-json\/wp\/v2\/posts\/10221\/revisions\/10222"}],"wp:attachment":[{"href":"https:\/\/sindaopcpb.org.br\/index.php\/wp-json\/wp\/v2\/media?parent=10221"}],"wp:term":[{"taxonomy":"category","embeddable":true,"href":"https:\/\/sindaopcpb.org.br\/index.php\/wp-json\/wp\/v2\/categories?post=10221"},{"taxonomy":"post_tag","embeddable":true,"href":"https:\/\/sindaopcpb.org.br\/index.php\/wp-json\/wp\/v2\/tags?post=10221"}],"curies":[{"name":"wp","href":"https:\/\/api.w.org\/{rel}","templated":true}]}}