{"id":10215,"date":"2023-02-20T15:00:57","date_gmt":"2023-02-20T18:00:57","guid":{"rendered":"https:\/\/g1.globo.com\/pb\/paraiba\/noticia\/2023\/02\/20\/confira-os-horarios-de-missas-da-quarta-feira-de-cinzas-em-joao-pessoa-e-campina-grande.ghtml"},"modified":"2023-02-20T15:00:57","modified_gmt":"2023-02-20T18:00:57","slug":"confira-os-horarios-de-missas-da-quarta-feira-de-cinzas-em-joao-pessoa-e-campina-grande","status":"publish","type":"post","link":"https:\/\/sindaopcpb.org.br\/index.php\/2023\/02\/20\/confira-os-horarios-de-missas-da-quarta-feira-de-cinzas-em-joao-pessoa-e-campina-grande\/","title":{"rendered":"Confira os hor\u00e1rios de missas da Quarta-feira de Cinzas em Jo\u00e3o Pessoa e Campina Grande"},"content":{"rendered":"   <img src=\"https:\/\/s2.glbimg.com\/9ONKoenToltEQbc9Jqewnpo4d0A=\/i.s3.glbimg.com\/v1\/AUTH_59edd422c0c84a879bd37670ae4f538a\/internal_photos\/bs\/2019\/s\/1\/oesWXeROStAHgfuhWIUw\/arquidiocese-da-paraiba.jpg\" \/><br \/>     Data marca in\u00edcio da Quaresma para os cat\u00f3licos, e tamb\u00e9m tem in\u00edcio da Campanha da Fraternidade da Arquidiocese da Para\u00edba. Arquidiocese da Para\u00edba, no Centro de Jo\u00e3o Pessoa\nTV Cabo Branco\/Reprodu\u00e7\u00e3o\nO in\u00edcio da Quaresma para os cat\u00f3licos \u00e9 marcado pela Quarta-feira de Cinzas. Em Jo\u00e3o Pessoa e Campina Grande, v\u00e1rias missas devem acontecer nesta quarta (22) na data, que tamb\u00e9m marca o in\u00edcio da Campanha da Fraternidade da Arquidiocese da Para\u00edba, que este ano tem como tema \u201cFraternidade e Fome\u201d.\nNa Catedral Bas\u00edlica Nossa Senhora das Neves, em Jo\u00e3o Pessoa, Dom Manoel Delson vai presidir a Santa Missa, a partir das 9h. J\u00e1 \u00e0s 11h30, ele estar\u00e1 na Vila do Lula, no Baixo Roger, onde deve distribuir refei\u00e7\u00f5es junto a A\u00e7\u00e3o Social Arquidiocesana (ASA).\nJ\u00e1 em Campina Grande, tr\u00eas missas ser\u00e3o celebradas pelo Bispo Diocesano, Dom Dulc\u00eanio Fontes de Matos, na Catedral Diocesana Nossa Senhora Da Concei\u00e7\u00e3o. A primeira missa acontece \u00e0s 6h30, a segunda \u00e0s 12h e a terceira e \u00faltima \u00e0s 17h. Os hor\u00e1rios de missas de cada par\u00f3quia podem ser acessados no site da Diocese de Campina Grande. \nV\u00eddeos mais assistidos do g1 Para\u00edba  ","protected":false},"excerpt":{"rendered":"<p>        Data marca in\u00edcio da Quaresma para os cat\u00f3licos, e tamb\u00e9m tem in\u00edcio da Campanha da Fraternidade da Arquidiocese da Para\u00edba. Arquidiocese da Para\u00edba, no Centro de Jo\u00e3o Pessoa<br \/>\nTV Cabo Branco\/Reprodu\u00e7\u00e3o<br \/>\nO in\u00edcio da Quaresma para os cat\u00f3licos \u00e9 ma&#8230;<\/p>\n","protected":false},"author":2,"featured_media":0,"comment_status":"closed","ping_status":"closed","sticky":false,"template":"","format":"standard","meta":{"advgb_blocks_editor_width":"","advgb_blocks_columns_visual_guide":"","footnotes":""},"categories":[34],"tags":[35],"class_list":["post-10215","post","type-post","status-publish","format-standard","hentry","category-g1","tag-g1"],"author_meta":{"display_name":"g1 &gt; Para\u00edba","author_link":"https:\/\/sindaopcpb.org.br\/author\/g1-paraiba\/"},"featured_img":null,"coauthors":[],"tax_additional":{"categories":{"linked":["<a href=\"https:\/\/sindaopcpb.org.br\/g1\/\" class=\"advgb-post-tax-term\">G1<\/a>"],"unlinked":["<span class=\"advgb-post-tax-term\">G1<\/span>"]},"tags":{"linked":["<a href=\"https:\/\/sindaopcpb.org.br\/g1\/\" class=\"advgb-post-tax-term\">g1<\/a>"],"unlinked":["<span class=\"advgb-post-tax-term\">g1<\/span>"]}},"comment_count":"0","relative_dates":{"created":"Publicado 3 anos atr\u00e1s","modified":"Atualizado 3 anos atr\u00e1s"},"absolute_dates":{"created":"Publicado em 20 de fevereiro de 2023","modified":"Atualizado em 20 de fevereiro de 2023"},"absolute_dates_time":{"created":"Publicado em 20 de fevereiro de 2023 15:00","modified":"Atualizado em 20 de fevereiro de 2023 15:00"},"featured_img_caption":"","series_order":"","_links":{"self":[{"href":"https:\/\/sindaopcpb.org.br\/index.php\/wp-json\/wp\/v2\/posts\/10215","targetHints":{"allow":["GET"]}}],"collection":[{"href":"https:\/\/sindaopcpb.org.br\/index.php\/wp-json\/wp\/v2\/posts"}],"about":[{"href":"https:\/\/sindaopcpb.org.br\/index.php\/wp-json\/wp\/v2\/types\/post"}],"author":[{"embeddable":true,"href":"https:\/\/sindaopcpb.org.br\/index.php\/wp-json\/wp\/v2\/users\/2"}],"replies":[{"embeddable":true,"href":"https:\/\/sindaopcpb.org.br\/index.php\/wp-json\/wp\/v2\/comments?post=10215"}],"version-history":[{"count":1,"href":"https:\/\/sindaopcpb.org.br\/index.php\/wp-json\/wp\/v2\/posts\/10215\/revisions"}],"predecessor-version":[{"id":10216,"href":"https:\/\/sindaopcpb.org.br\/index.php\/wp-json\/wp\/v2\/posts\/10215\/revisions\/10216"}],"wp:attachment":[{"href":"https:\/\/sindaopcpb.org.br\/index.php\/wp-json\/wp\/v2\/media?parent=10215"}],"wp:term":[{"taxonomy":"category","embeddable":true,"href":"https:\/\/sindaopcpb.org.br\/index.php\/wp-json\/wp\/v2\/categories?post=10215"},{"taxonomy":"post_tag","embeddable":true,"href":"https:\/\/sindaopcpb.org.br\/index.php\/wp-json\/wp\/v2\/tags?post=10215"}],"curies":[{"name":"wp","href":"https:\/\/api.w.org\/{rel}","templated":true}]}}