{"id":10100,"date":"2023-02-16T17:15:16","date_gmt":"2023-02-16T20:15:16","guid":{"rendered":"https:\/\/g1.globo.com\/pb\/paraiba\/noticia\/2023\/02\/16\/saiba-onde-se-vacinar-contra-a-covid-19-em-joao-pessoa-nesta-sexta-feira-17.ghtml"},"modified":"2023-02-16T17:15:16","modified_gmt":"2023-02-16T20:15:16","slug":"saiba-onde-se-vacinar-contra-a-covid-19-em-joao-pessoa-nesta-sexta-feira-17","status":"publish","type":"post","link":"https:\/\/sindaopcpb.org.br\/index.php\/2023\/02\/16\/saiba-onde-se-vacinar-contra-a-covid-19-em-joao-pessoa-nesta-sexta-feira-17\/","title":{"rendered":"Saiba onde se vacinar contra a Covid-19 em Jo\u00e3o Pessoa nesta sexta-feira (17)"},"content":{"rendered":"   <img src=\"https:\/\/s2.glbimg.com\/gj4GfQtqYTznaiH9yxmP2ilfxXM=\/i.s3.glbimg.com\/v1\/AUTH_59edd422c0c84a879bd37670ae4f538a\/internal_photos\/bs\/2022\/z\/G\/gggwboSzSWbJ4StLuSnw\/vacinacao-contra-covid-19-em-criancas.jpg\" \/><br \/>     Vacina\u00e7\u00e3o \u00e9 para todos os p\u00fablicos a partir de seis meses. Tamb\u00e9m s\u00e3o ofertadas todas as vacinas bivalentes para idosos a partir dos 80 anos.  Vacina\u00e7\u00e3o de crian\u00e7as em Jo\u00e3o Pessoa\nFoto: Dayse Euz\u00e9bio\nO munic\u00edpio de Jo\u00e3o Pessoa segue com a campanha de vacina\u00e7\u00e3o contra a Covid-19 para todos os p\u00fablicos a partir de seis meses de idade nesta sexta-feira (17). Tamb\u00e9m s\u00e3o ofertadas as vacinas Pfizer bivalente para os idosos acima de 80 anos.\nTodas as vacinas do calend\u00e1rio de rotina est\u00e3o dispon\u00edveis nas policl\u00ednicas municipais, Centro Municipal de Imuniza\u00e7\u00e3o, Unidades da Sa\u00fade da Fam\u00edlia e no Mangabeira Shopping.\nPara o p\u00fablico acima de 80 anos, a vacina estar\u00e1 dispon\u00edvel no Instituto Federal da Para\u00edba (IFPB), em Jaguaribe, e no Col\u00e9gio Lyceu Paraibano, no Centro, apenas com acesso para pedestres. J\u00e1 o Santu\u00e1rio M\u00e3e Rainha, localizado no Aeroclube; a Funda\u00e7\u00e3o Espa\u00e7o Cultural, no bairro Tambauzinho; e o Mangabeira Shopping, disponibilizam acessos para pedestres e drive thru.\nAs crian\u00e7as a partir de seis meses de idade, que iniciaram o esquema vacinal nos dias 14 de novembro (com comorbidade) e 1\u00ba de janeiro (sem comorbidades), devem ser levadas a um dos servi\u00e7os para tomar a segunda dose com 28 dias ou a terceira dose com 60 dias.\nPara as crian\u00e7as a partir dos 3 anos de idade, a terceira dose \u00e9 recomendada para quem iniciou D1 e D2 com a vacina Coronavac. J\u00e1 as crian\u00e7as de 5 a 11 anos devem receber uma dose de refor\u00e7o quatro meses ap\u00f3s a segunda dose.\nPara os demais grupos a campanha segue normalmente, com a aplica\u00e7\u00e3o da 1\u00aa e 2\u00aa doses da vacina e das duas doses de refor\u00e7o que s\u00e3o a 3\u00aa e 4\u00aa doses.\nO Disque Vacina funciona de segunda a sexta-feira, pelos n\u00fameros (83) 98600-4815 e 3212-3371, e continuar\u00e1 atendendo para realiza\u00e7\u00e3o de agendamentos apenas de crian\u00e7as com comorbidades e acamadas, restritas aos leitos.\nDocumenta\u00e7\u00e3o para crian\u00e7as\nNo momento da vacina\u00e7\u00e3o, \u00e9 necess\u00e1rio apresentar um documento oficial ou certid\u00e3o de nascimento da crian\u00e7a e cart\u00e3o SUS.\nLocais para vacina\u00e7\u00e3o em Jo\u00e3o Pessoas sexta-feira (17):\nCrian\u00e7as a partir dos seis meses a 2 anos (sem agendamento)\n1\u00aa dose: Pfizer-BioNTech baby\n2\u00aa dose: Pfizer-BioNTech baby (28 dias)\nSalas de vacinas nas USFs*\u2013 7h \u00e0s 11h e das 12 \u00e0s 16h\nPolicl\u00ednicas (Mandacaru, Cristo, Mangabeira e das Praias) \u2013 8h \u00e0s 16h\nCentro Municipal de Imuniza\u00e7\u00e3o \u2013 8h \u00e0s 16h\nMangabeira Shopping - 13h \u00e0s 22h\nCrian\u00e7as com 3 e 4 anos (sem agendamento)\n1\u00aa dose: Pfizer-BioNTech baby\n2\u00aa dose: Pfizer-BioNTech baby (28 dias)\n3\u00aa dose: Pfizer-BioNTech baby (60 dias)\n Salas de vacinas nas USFs*\u2013 7h \u00e0s 11h e das 12 \u00e0s 16h\nPolicl\u00ednicas (Mandacaru, Cristo, Mangabeira e das Praias) \u2013 8h \u00e0s 16h\nCentro Municipal de Imuniza\u00e7\u00e3o \u2013 8h \u00e0s 16h\nMangabeira Shopping - 13h \u00e0s 22h\nCrian\u00e7as a partir dos 5 a 11 anos (sem agendamento)\n1\u00aa dose: Pfizer pedi\u00e1trica\n2\u00aa dose: Pfizer pedi\u00e1trica (56 dias)\n3\u00aa dose: Pfizer pedi\u00e1trica (120 dias)\nSalas de vacinas nas USFs*\u2013 7h \u00e0s 11h e das 12 \u00e0s 16h\n Policl\u00ednicas (Mandacaru, Cristo, Mangabeira e das Praias) \u2013 8h \u00e0s 16h\nCentro Municipal de Imuniza\u00e7\u00e3o \u2013 8h \u00e0s 16h\nMangabeira Shopping - 13h \u00e0s 22h\nA partir de 12 anos (sem agendamento)\n1\u00aa dose: 12+\n2\u00aa dose: Janssen, Astrazeneca (60 dias) e Pfizer (60 dias)\n3\u00aa dose: 12+ (ap\u00f3s 120 dias da 2\u00aa dose); imunossuprimidos (ap\u00f3s 28 dias da 2\u00aa dose); e trabalhadores de sa\u00fade (ap\u00f3s 120 dias da 2\u00aa dose)\n4\u00aa dose: 30+ (ap\u00f3s 120 dias da 3\u00aa dose); trabalhadores de sa\u00fade (ap\u00f3s 120 dias da 2\u00aa dose); imunossuprimidos (ap\u00f3s 120 dias da 3\u00aa dose)\nSalas de vacinas nas USFs*\u2013 7h \u00e0s 11h e das 12 \u00e0s 16h\nPolicl\u00ednicas (Mandacaru, Cristo, Mangabeira e das Praias) \u2013 8h \u00e0s 16h\nCentro Municipal de Imuniza\u00e7\u00e3o \u2013 8h \u00e0s 16h\nMangabeira Shopping (pedestres e drive-thru) \u2013 13h \u00e0s 22h\nIdosos acima de 80 anos (sem agendamento)\nDose \u00fanica \u2013 Imunizante Pfizer bivalente\nInstituto Federal da Para\u00edba (IFPB) - Jaguaribe - 8h \u00e0s 16h - pedestre\nSantu\u00e1rio M\u00e3e Rainha - Aeroclube - 8h \u00e0s 22h - drive e pedestre\nCol\u00e9gio Lyceu Paraibano - Centro - 8h \u00e0s 16h \u2013 pedestres  \nFunda\u00e7\u00e3o Espa\u00e7o Cultural \u2013 Tambauzinho - 8h \u00e0s 16h - drive e pedestre \nMangabeira Shopping - Mangabeira - 13h \u00e0s 22h - drive e pedestre\nInstitui\u00e7\u00f5es de Longa Perman\u00eancia \nCasa de Repouso Melodias\nMorada Aconchego\nCenter Vida\nResidencial Nova Alian\u00e7a\nCasa de Passagem do Idoso\nCasa Divina Miseric\u00f3rdia\nVacina\u00e7\u00e3o Domiciliar\nIdosos acima de 80 anos com comorbidades e restritos ao leito \u2013 acamados\nAgendamento pelos n\u00fameros: pelo (83) 9.8645-7727\nHor\u00e1rio: 8h \u00e0s 16h (de segunda a sexta-feira)\n*exce\u00e7\u00e3o das USFs: Ilha do Bispo, Alto do C\u00e9u II, Mandacaru VIII, Jardim Planalto, Rosa de F\u00e1tima, Cruz das Armas IV, Jardim Sa\u00fade e Vieira Diniz.\nV\u00eddeos mais assistidos do g1 Para\u00edba  ","protected":false},"excerpt":{"rendered":"<p>        Vacina\u00e7\u00e3o \u00e9 para todos os p\u00fablicos a partir de seis meses. Tamb\u00e9m s\u00e3o ofertadas todas as vacinas bivalentes para idosos a partir dos 80 anos.  Vacina\u00e7\u00e3o de crian\u00e7as em Jo\u00e3o Pessoa<br \/>\nFoto: Dayse Euz\u00e9bio<br \/>\nO munic\u00edpio de Jo\u00e3o Pessoa segue com a campa&#8230;<\/p>\n","protected":false},"author":2,"featured_media":0,"comment_status":"closed","ping_status":"closed","sticky":false,"template":"","format":"standard","meta":{"advgb_blocks_editor_width":"","advgb_blocks_columns_visual_guide":"","footnotes":""},"categories":[34],"tags":[35],"class_list":["post-10100","post","type-post","status-publish","format-standard","hentry","category-g1","tag-g1"],"author_meta":{"display_name":"g1 &gt; Para\u00edba","author_link":"https:\/\/sindaopcpb.org.br\/author\/g1-paraiba\/"},"featured_img":null,"coauthors":[],"tax_additional":{"categories":{"linked":["<a href=\"https:\/\/sindaopcpb.org.br\/g1\/\" class=\"advgb-post-tax-term\">G1<\/a>"],"unlinked":["<span class=\"advgb-post-tax-term\">G1<\/span>"]},"tags":{"linked":["<a href=\"https:\/\/sindaopcpb.org.br\/g1\/\" class=\"advgb-post-tax-term\">g1<\/a>"],"unlinked":["<span class=\"advgb-post-tax-term\">g1<\/span>"]}},"comment_count":"0","relative_dates":{"created":"Publicado 3 anos atr\u00e1s","modified":"Atualizado 3 anos atr\u00e1s"},"absolute_dates":{"created":"Publicado em 16 de fevereiro de 2023","modified":"Atualizado em 16 de fevereiro de 2023"},"absolute_dates_time":{"created":"Publicado em 16 de fevereiro de 2023 17:15","modified":"Atualizado em 16 de fevereiro de 2023 17:15"},"featured_img_caption":"","series_order":"","_links":{"self":[{"href":"https:\/\/sindaopcpb.org.br\/index.php\/wp-json\/wp\/v2\/posts\/10100","targetHints":{"allow":["GET"]}}],"collection":[{"href":"https:\/\/sindaopcpb.org.br\/index.php\/wp-json\/wp\/v2\/posts"}],"about":[{"href":"https:\/\/sindaopcpb.org.br\/index.php\/wp-json\/wp\/v2\/types\/post"}],"author":[{"embeddable":true,"href":"https:\/\/sindaopcpb.org.br\/index.php\/wp-json\/wp\/v2\/users\/2"}],"replies":[{"embeddable":true,"href":"https:\/\/sindaopcpb.org.br\/index.php\/wp-json\/wp\/v2\/comments?post=10100"}],"version-history":[{"count":1,"href":"https:\/\/sindaopcpb.org.br\/index.php\/wp-json\/wp\/v2\/posts\/10100\/revisions"}],"predecessor-version":[{"id":10101,"href":"https:\/\/sindaopcpb.org.br\/index.php\/wp-json\/wp\/v2\/posts\/10100\/revisions\/10101"}],"wp:attachment":[{"href":"https:\/\/sindaopcpb.org.br\/index.php\/wp-json\/wp\/v2\/media?parent=10100"}],"wp:term":[{"taxonomy":"category","embeddable":true,"href":"https:\/\/sindaopcpb.org.br\/index.php\/wp-json\/wp\/v2\/categories?post=10100"},{"taxonomy":"post_tag","embeddable":true,"href":"https:\/\/sindaopcpb.org.br\/index.php\/wp-json\/wp\/v2\/tags?post=10100"}],"curies":[{"name":"wp","href":"https:\/\/api.w.org\/{rel}","templated":true}]}}