{"id":10095,"date":"2023-02-16T14:44:40","date_gmt":"2023-02-16T17:44:40","guid":{"rendered":"https:\/\/g1.globo.com\/pb\/paraiba\/noticia\/2023\/02\/16\/mppb-ingressa-com-acao-cautelar-contra-a-braiscompany-de-campina-grande.ghtml"},"modified":"2023-02-16T14:44:40","modified_gmt":"2023-02-16T17:44:40","slug":"mppb-ingressa-com-acao-cautelar-contra-a-braiscompany-e-quer-garantir-reparacao-de-danos","status":"publish","type":"post","link":"https:\/\/sindaopcpb.org.br\/index.php\/2023\/02\/16\/mppb-ingressa-com-acao-cautelar-contra-a-braiscompany-e-quer-garantir-reparacao-de-danos\/","title":{"rendered":"MPPB ingressa com a\u00e7\u00e3o cautelar contra a Braiscompany e quer garantir repara\u00e7\u00e3o de danos"},"content":{"rendered":"   <img src=\"https:\/\/s2.glbimg.com\/4D7p6qGgtQKuAR_3hGKUGEHqqzg=\/i.s3.glbimg.com\/v1\/AUTH_59edd422c0c84a879bd37670ae4f538a\/internal_photos\/bs\/2023\/l\/n\/mlXHAKQeSeGn7Xkbjbuw\/pf-na-braiscompany.jpeg\" \/><br \/>     Decis\u00e3o acontece no mesmo dia em que a Pol\u00edcia Federal deflagrou a a Opera\u00e7\u00e3o Halving, que investiga a empresa paraibana por crime financeiro. Sede da Braiscompany, em Campina Grande\nEwerton Correia\/TV Para\u00edba\nO Minist\u00e9rio P\u00fablico da Para\u00edba (MPPB) confirmou na tarde desta quinta-feira (16) que ingressou com uma a\u00e7\u00e3o cautelar na 11\u00aa Vara C\u00edvel de Jo\u00e3o Pessoa contra a empresa Braiscompany, de Campina Grande, com o objetivo de tentar garantir a repara\u00e7\u00e3o de danos provocadas pela empresa.\nA a\u00e7\u00e3o tem dois alvos principais. Proteger individualmente cada consumidor envolvido e proteger de forma gen\u00e9rica toda a sociedade paraibana v\u00edtima de \u201cdano coletivo\u201d. \nO promotor de Justi\u00e7a Romualdo Tadeu Dias, diretor-geral do MP-Procon, informou que aguardar\u00e1 o pronunciamento judicial e o consequente deferimento das medidas requeridas. \nEle explica ainda que n\u00e3o est\u00e1 descartado a abertura de uma a\u00e7\u00e3o civil p\u00fablica caso novos fatos surjam e tornem mais robustos o conjunto de provas j\u00e1 existentes.\nA a\u00e7\u00e3o cautelar do MPPB foi ingressada no mesmo dia em que a Opera\u00e7\u00e3o Halving foi desencadeada pela Pol\u00edcia Federal (PF) em Campina Grande, em Jo\u00e3o Pessoa e em S\u00e3o Paulo.\nAs investiga\u00e7\u00f5es da PF, no entanto, t\u00eam como alvo suspeitas de crime financeiro. Mais de R$ 1,5 bilh\u00e3o em criptomoedas teriam sido movimentadas em contas vinculadas aos s\u00f3cios da Braiscompany, que est\u00e3o foragidos.\nV\u00eddeos mais assistidos da Para\u00edba  ","protected":false},"excerpt":{"rendered":"<p>        Decis\u00e3o acontece no mesmo dia em que a Pol\u00edcia Federal deflagrou a a Opera\u00e7\u00e3o Halving, que investiga a empresa paraibana por crime financeiro. Sede da Braiscompany, em Campina Grande<br \/>\nEwerton Correia\/TV Para\u00edba<br \/>\nO Minist\u00e9rio P\u00fablico da Para\u00edba (M&#8230;<\/p>\n","protected":false},"author":2,"featured_media":0,"comment_status":"closed","ping_status":"closed","sticky":false,"template":"","format":"standard","meta":{"advgb_blocks_editor_width":"","advgb_blocks_columns_visual_guide":"","footnotes":""},"categories":[34],"tags":[35],"class_list":["post-10095","post","type-post","status-publish","format-standard","hentry","category-g1","tag-g1"],"author_meta":{"display_name":"g1 &gt; Para\u00edba","author_link":"https:\/\/sindaopcpb.org.br\/author\/g1-paraiba\/"},"featured_img":null,"coauthors":[],"tax_additional":{"categories":{"linked":["<a href=\"https:\/\/sindaopcpb.org.br\/g1\/\" class=\"advgb-post-tax-term\">G1<\/a>"],"unlinked":["<span class=\"advgb-post-tax-term\">G1<\/span>"]},"tags":{"linked":["<a href=\"https:\/\/sindaopcpb.org.br\/g1\/\" class=\"advgb-post-tax-term\">g1<\/a>"],"unlinked":["<span class=\"advgb-post-tax-term\">g1<\/span>"]}},"comment_count":"0","relative_dates":{"created":"Publicado 3 anos atr\u00e1s","modified":"Atualizado 3 anos atr\u00e1s"},"absolute_dates":{"created":"Publicado em 16 de fevereiro de 2023","modified":"Atualizado em 16 de fevereiro de 2023"},"absolute_dates_time":{"created":"Publicado em 16 de fevereiro de 2023 14:44","modified":"Atualizado em 16 de fevereiro de 2023 14:44"},"featured_img_caption":"","series_order":"","_links":{"self":[{"href":"https:\/\/sindaopcpb.org.br\/index.php\/wp-json\/wp\/v2\/posts\/10095","targetHints":{"allow":["GET"]}}],"collection":[{"href":"https:\/\/sindaopcpb.org.br\/index.php\/wp-json\/wp\/v2\/posts"}],"about":[{"href":"https:\/\/sindaopcpb.org.br\/index.php\/wp-json\/wp\/v2\/types\/post"}],"author":[{"embeddable":true,"href":"https:\/\/sindaopcpb.org.br\/index.php\/wp-json\/wp\/v2\/users\/2"}],"replies":[{"embeddable":true,"href":"https:\/\/sindaopcpb.org.br\/index.php\/wp-json\/wp\/v2\/comments?post=10095"}],"version-history":[{"count":2,"href":"https:\/\/sindaopcpb.org.br\/index.php\/wp-json\/wp\/v2\/posts\/10095\/revisions"}],"predecessor-version":[{"id":10097,"href":"https:\/\/sindaopcpb.org.br\/index.php\/wp-json\/wp\/v2\/posts\/10095\/revisions\/10097"}],"wp:attachment":[{"href":"https:\/\/sindaopcpb.org.br\/index.php\/wp-json\/wp\/v2\/media?parent=10095"}],"wp:term":[{"taxonomy":"category","embeddable":true,"href":"https:\/\/sindaopcpb.org.br\/index.php\/wp-json\/wp\/v2\/categories?post=10095"},{"taxonomy":"post_tag","embeddable":true,"href":"https:\/\/sindaopcpb.org.br\/index.php\/wp-json\/wp\/v2\/tags?post=10095"}],"curies":[{"name":"wp","href":"https:\/\/api.w.org\/{rel}","templated":true}]}}