{"id":10087,"date":"2023-02-16T11:07:11","date_gmt":"2023-02-16T14:07:11","guid":{"rendered":"https:\/\/g1.globo.com\/pb\/paraiba\/noticia\/2023\/02\/16\/motorista-perde-controle-e-caminhao-fica-atravessado-na-br-230-em-joao-pessoa.ghtml"},"modified":"2023-02-16T11:07:11","modified_gmt":"2023-02-16T14:07:11","slug":"motorista-perde-controle-e-caminhao-fica-atravessado-na-br-230-em-joao-pessoa","status":"publish","type":"post","link":"https:\/\/sindaopcpb.org.br\/index.php\/2023\/02\/16\/motorista-perde-controle-e-caminhao-fica-atravessado-na-br-230-em-joao-pessoa\/","title":{"rendered":"Motorista perde controle e caminh\u00e3o fica atravessado na BR-230, em Jo\u00e3o Pessoa"},"content":{"rendered":"   <img src=\"https:\/\/s2.glbimg.com\/FCx0gS2hxDEhH5BOdeNaqKZXSJU=\/i.s3.glbimg.com\/v1\/AUTH_59edd422c0c84a879bd37670ae4f538a\/internal_photos\/bs\/2023\/Q\/A\/E9Ast2R66TwWvu0Bqg8Q\/semob-acidente03.jpeg\" \/><br \/>     N\u00e3o houve feridos, mas pista ficou interditada. Bombeiros foram chamados ap\u00f3s vazamento de combust\u00edvel. Caminh\u00e3o fecha a BR-230 ap\u00f3s perder o freio, em Jo\u00e3o Pessoa\nSemob-JP\/Divulga\u00e7\u00e3o\nUma motorista perdeu o controle de um caminh\u00e3o na manh\u00e3 desta quinta-feira (16) e parou com o ve\u00edculo atravessado na BR-230, no Km 20, bem em cima do viaduto que passa pela avenida Pedro II, em Jo\u00e3o Pessoa. A via no sentido para Cabedelo ficou totalmente interditada e o tr\u00e2nsito precisou ser desviado, gerando grande congestionamento. Apesar de todo o problema, ningu\u00e9m ficou ferido.\nA mulher que dirigia o ve\u00edculo informou \u00e0 Pol\u00edcia Rodovi\u00e1ria Federal (PRF) que o caminh\u00e3o de repente ficou sem freio e que foi isso o que ocasionou o acidente. O caminh\u00e3o chegou a bater na mureta da BR-230 antes de parar atravessado. A motorista foi levada ao Hospital de Emerg\u00eancia e Trauma de Jo\u00e3o Pessoa, mas sem gravidades. Ela passa bem.\nAinda assim, o Corpo de Bombeiros Militar da Para\u00edba foi acionado. Isso porque houve vazamento de combust\u00edvel e havia risco de inc\u00eandio e de a pista ficar escorregadia. A PRF informou que a via s\u00f3 ser\u00e1 liberada quando n\u00e3o houver mais riscos para a popula\u00e7\u00e3o.\nA Superintend\u00eancia Executiva de Mobilidade Urbana de Jo\u00e3o Pessoa (Semob-JP) deu apoio no desvio de tr\u00e2nsito. Quem estava dirigindo no sentido para Cabedelo precisou entrar para a Pedro II, podendo optar ou rumar para o Centro ou pegar a regi\u00e3o de praia pelo bairro de Castelo Branco.\nSemob-JP desviou o tr\u00e2nsito pela Pedro II\nSemob-JP\/Divulga\u00e7\u00e3o\nV\u00eddeos mais assistidos da Para\u00edba  ","protected":false},"excerpt":{"rendered":"<p>        N\u00e3o houve feridos, mas pista ficou interditada. Bombeiros foram chamados ap\u00f3s vazamento de combust\u00edvel. Caminh\u00e3o fecha a BR-230 ap\u00f3s perder o freio, em Jo\u00e3o Pessoa<br \/>\nSemob-JP\/Divulga\u00e7\u00e3o<br \/>\nUma motorista perdeu o controle de um caminh\u00e3o na manh\u00e3 dest&#8230;<\/p>\n","protected":false},"author":2,"featured_media":0,"comment_status":"closed","ping_status":"closed","sticky":false,"template":"","format":"standard","meta":{"advgb_blocks_editor_width":"","advgb_blocks_columns_visual_guide":"","footnotes":""},"categories":[34],"tags":[35],"class_list":["post-10087","post","type-post","status-publish","format-standard","hentry","category-g1","tag-g1"],"author_meta":{"display_name":"g1 &gt; Para\u00edba","author_link":"https:\/\/sindaopcpb.org.br\/author\/g1-paraiba\/"},"featured_img":null,"coauthors":[],"tax_additional":{"categories":{"linked":["<a href=\"https:\/\/sindaopcpb.org.br\/g1\/\" class=\"advgb-post-tax-term\">G1<\/a>"],"unlinked":["<span class=\"advgb-post-tax-term\">G1<\/span>"]},"tags":{"linked":["<a href=\"https:\/\/sindaopcpb.org.br\/g1\/\" class=\"advgb-post-tax-term\">g1<\/a>"],"unlinked":["<span class=\"advgb-post-tax-term\">g1<\/span>"]}},"comment_count":"0","relative_dates":{"created":"Publicado 3 anos atr\u00e1s","modified":"Atualizado 3 anos atr\u00e1s"},"absolute_dates":{"created":"Publicado em 16 de fevereiro de 2023","modified":"Atualizado em 16 de fevereiro de 2023"},"absolute_dates_time":{"created":"Publicado em 16 de fevereiro de 2023 11:07","modified":"Atualizado em 16 de fevereiro de 2023 11:07"},"featured_img_caption":"","series_order":"","_links":{"self":[{"href":"https:\/\/sindaopcpb.org.br\/index.php\/wp-json\/wp\/v2\/posts\/10087","targetHints":{"allow":["GET"]}}],"collection":[{"href":"https:\/\/sindaopcpb.org.br\/index.php\/wp-json\/wp\/v2\/posts"}],"about":[{"href":"https:\/\/sindaopcpb.org.br\/index.php\/wp-json\/wp\/v2\/types\/post"}],"author":[{"embeddable":true,"href":"https:\/\/sindaopcpb.org.br\/index.php\/wp-json\/wp\/v2\/users\/2"}],"replies":[{"embeddable":true,"href":"https:\/\/sindaopcpb.org.br\/index.php\/wp-json\/wp\/v2\/comments?post=10087"}],"version-history":[{"count":1,"href":"https:\/\/sindaopcpb.org.br\/index.php\/wp-json\/wp\/v2\/posts\/10087\/revisions"}],"predecessor-version":[{"id":10088,"href":"https:\/\/sindaopcpb.org.br\/index.php\/wp-json\/wp\/v2\/posts\/10087\/revisions\/10088"}],"wp:attachment":[{"href":"https:\/\/sindaopcpb.org.br\/index.php\/wp-json\/wp\/v2\/media?parent=10087"}],"wp:term":[{"taxonomy":"category","embeddable":true,"href":"https:\/\/sindaopcpb.org.br\/index.php\/wp-json\/wp\/v2\/categories?post=10087"},{"taxonomy":"post_tag","embeddable":true,"href":"https:\/\/sindaopcpb.org.br\/index.php\/wp-json\/wp\/v2\/tags?post=10087"}],"curies":[{"name":"wp","href":"https:\/\/api.w.org\/{rel}","templated":true}]}}