{"id":10062,"date":"2023-02-15T16:42:20","date_gmt":"2023-02-15T19:42:20","guid":{"rendered":"https:\/\/g1.globo.com\/pb\/paraiba\/noticia\/2023\/02\/15\/moradores-bloqueiam-br-230-em-santa-luzia-pb-em-protesto-contra-falta-de-agua.ghtml"},"modified":"2023-02-15T16:42:20","modified_gmt":"2023-02-15T19:42:20","slug":"moradores-bloqueiam-br-230-em-santa-luzia-pb-em-protesto-contra-falta-de-agua","status":"publish","type":"post","link":"https:\/\/sindaopcpb.org.br\/index.php\/2023\/02\/15\/moradores-bloqueiam-br-230-em-santa-luzia-pb-em-protesto-contra-falta-de-agua\/","title":{"rendered":"Moradores bloqueiam BR-230 em Santa Luzia, PB, em protesto contra falta de \u00e1gua"},"content":{"rendered":"   <img src=\"https:\/\/s2.glbimg.com\/wcv61PZnaD4dinM1BKmjpv1WQlg=\/i.s3.glbimg.com\/v1\/AUTH_59edd422c0c84a879bd37670ae4f538a\/internal_photos\/bs\/2023\/9\/M\/BkY5AWRearnhmAstPT4g\/protesto-santa-luzia.jpg\" \/><br \/>     Manifestantes dizem que a cidade est\u00e1 com o abastecimento de \u00e1gua suspenso h\u00e1 10 dias. Cagepa diz que interrup\u00e7\u00e3o foi causada por vandalismo em adutora. Protesto em Santa Luzia, PB\nEpit\u00e1ico Germano\/Divulga\u00e7\u00e3o\nCerca de 50 moradores de Santa Luzia, no Sert\u00e3o da Para\u00edba, bloquearam o trecho da BR-230, localizado na altura do quil\u00f4metro 292, em protesto contra a falta de \u00e1gua na cidade. Segundo os manifestantes, o abastecimento est\u00e1 suspenso na cidade h\u00e1 pelo menos 10 dias.\nCompartilhe esta not\u00edcia pelo Whatsapp\nCompartilhe esta not\u00edcia pelo Telegram\nEm nota, a Companhia de \u00c1gua e Esgotos da Parara\u00edba (Cagepa) disse que a interrup\u00e7\u00e3o do servi\u00e7o foi causada por causa de uma a\u00e7\u00e3o de vandalismo na adutora do Sistema Coremas-Sabugi, no trecho entre os munic\u00edpios de Patos e S\u00e3o Mamede. O problema tamb\u00e9m teria afetado as cidades de S\u00e3o Mamede, V\u00e1rzea e S\u00e3o Jos\u00e9 do Sabugi. O \u00f3rg\u00e3o informou, ainda, que a previs\u00e3o \u00e9 de que o abastecimento seja retomado at\u00e9 o final da tarde desta quarta.\nPara interditar a rodovia, os manifestantes usaram traves de campo de futebol. Em uma delas, havia um len\u00e7ol pendurado com bilhetes que questionavam \u201cCagepa, cad\u00ea a \u00e1gua?\".\nA Pol\u00edcia Rodovi\u00e1ria Federal (PRF) esteve no local para controlar o tr\u00e2nsito, que ficou parado das 12h40 at\u00e9 16h. O tr\u00e1fego na BR-230 foi normalizado ap\u00f3s a sa\u00edda dos manifestantes.\nV\u00eddeos mais assistidos do g1 Para\u00edba  ","protected":false},"excerpt":{"rendered":"<p>        Manifestantes dizem que a cidade est\u00e1 com o abastecimento de \u00e1gua suspenso h\u00e1 10 dias. Cagepa diz que interrup\u00e7\u00e3o foi causada por vandalismo em adutora. Protesto em Santa Luzia, PB<br \/>\nEpit\u00e1ico Germano\/Divulga\u00e7\u00e3o<br \/>\nCerca de 50 moradores de Santa Luzi&#8230;<\/p>\n","protected":false},"author":2,"featured_media":0,"comment_status":"closed","ping_status":"closed","sticky":false,"template":"","format":"standard","meta":{"advgb_blocks_editor_width":"","advgb_blocks_columns_visual_guide":"","footnotes":""},"categories":[34],"tags":[35],"class_list":["post-10062","post","type-post","status-publish","format-standard","hentry","category-g1","tag-g1"],"author_meta":{"display_name":"g1 &gt; Para\u00edba","author_link":"https:\/\/sindaopcpb.org.br\/author\/g1-paraiba\/"},"featured_img":null,"coauthors":[],"tax_additional":{"categories":{"linked":["<a href=\"https:\/\/sindaopcpb.org.br\/g1\/\" class=\"advgb-post-tax-term\">G1<\/a>"],"unlinked":["<span class=\"advgb-post-tax-term\">G1<\/span>"]},"tags":{"linked":["<a href=\"https:\/\/sindaopcpb.org.br\/g1\/\" class=\"advgb-post-tax-term\">g1<\/a>"],"unlinked":["<span class=\"advgb-post-tax-term\">g1<\/span>"]}},"comment_count":"0","relative_dates":{"created":"Publicado 3 anos atr\u00e1s","modified":"Atualizado 3 anos atr\u00e1s"},"absolute_dates":{"created":"Publicado em 15 de fevereiro de 2023","modified":"Atualizado em 15 de fevereiro de 2023"},"absolute_dates_time":{"created":"Publicado em 15 de fevereiro de 2023 16:42","modified":"Atualizado em 15 de fevereiro de 2023 16:42"},"featured_img_caption":"","series_order":"","_links":{"self":[{"href":"https:\/\/sindaopcpb.org.br\/index.php\/wp-json\/wp\/v2\/posts\/10062","targetHints":{"allow":["GET"]}}],"collection":[{"href":"https:\/\/sindaopcpb.org.br\/index.php\/wp-json\/wp\/v2\/posts"}],"about":[{"href":"https:\/\/sindaopcpb.org.br\/index.php\/wp-json\/wp\/v2\/types\/post"}],"author":[{"embeddable":true,"href":"https:\/\/sindaopcpb.org.br\/index.php\/wp-json\/wp\/v2\/users\/2"}],"replies":[{"embeddable":true,"href":"https:\/\/sindaopcpb.org.br\/index.php\/wp-json\/wp\/v2\/comments?post=10062"}],"version-history":[{"count":1,"href":"https:\/\/sindaopcpb.org.br\/index.php\/wp-json\/wp\/v2\/posts\/10062\/revisions"}],"predecessor-version":[{"id":10063,"href":"https:\/\/sindaopcpb.org.br\/index.php\/wp-json\/wp\/v2\/posts\/10062\/revisions\/10063"}],"wp:attachment":[{"href":"https:\/\/sindaopcpb.org.br\/index.php\/wp-json\/wp\/v2\/media?parent=10062"}],"wp:term":[{"taxonomy":"category","embeddable":true,"href":"https:\/\/sindaopcpb.org.br\/index.php\/wp-json\/wp\/v2\/categories?post=10062"},{"taxonomy":"post_tag","embeddable":true,"href":"https:\/\/sindaopcpb.org.br\/index.php\/wp-json\/wp\/v2\/tags?post=10062"}],"curies":[{"name":"wp","href":"https:\/\/api.w.org\/{rel}","templated":true}]}}