{"id":10018,"date":"2023-02-14T15:28:24","date_gmt":"2023-02-14T18:28:24","guid":{"rendered":"https:\/\/g1.globo.com\/pb\/paraiba\/noticia\/2023\/02\/14\/associacao-e-invadida-em-joao-pessoa-e-circuito-de-seguranca-registra-roubo-video.ghtml"},"modified":"2023-02-14T15:28:24","modified_gmt":"2023-02-14T18:28:24","slug":"associacao-e-invadida-em-joao-pessoa-e-circuito-de-seguranca-registra-roubo-video","status":"publish","type":"post","link":"https:\/\/sindaopcpb.org.br\/index.php\/2023\/02\/14\/associacao-e-invadida-em-joao-pessoa-e-circuito-de-seguranca-registra-roubo-video\/","title":{"rendered":"Associa\u00e7\u00e3o \u00e9 invadida em Jo\u00e3o Pessoa e circuito de seguran\u00e7a registra roubo; v\u00eddeo"},"content":{"rendered":"    Uma das c\u00e2meras foi levada, mas conseguiu registrar o rosto do homem antes de ser danificada e a filmagem ser interrompida. Homem invade Associa\u00e7\u00e3o e c\u00e2mera de seguran\u00e7a registra roubo, em Jo\u00e3o Pessoa\nA Associa\u00e7\u00e3o Integrada M\u00e3es de Autistas (IMA) foi invadida na madrugada desta ter\u00e7a-feira (14) no bairro do Geisel, em Jo\u00e3o Pessoa. A a\u00e7\u00e3o foi registrada por c\u00e2meras de seguran\u00e7a no local. \nO homem entrou na associa\u00e7\u00e3o por volta das 2h30 pela porta da frente e levou uma caixa de som, usada nas aulas de m\u00fasica com as crian\u00e7as, um botij\u00e3o de g\u00e1s e uma c\u00e2mera de circuito fechado.\nA c\u00e2mera de seguran\u00e7a que foi levada, conseguiu registrar o rosto do homem antes de ser danificada e a filmagem foi interrompida. \nOutra c\u00e2mera mostra o homem caminhando pelo local antes de pegar uma faca e levar o botij\u00e3o de g\u00e1s.\nDe acordo com o diretor da IMA, Paulo Ara\u00fajo, o local est\u00e1 passando por uma reforma em uma das salas e pedreiros dormiam no local no momento da invas\u00e3o. Foram os trabalhadores que informaram pela manh\u00e3 que os objetos tinham sumido. \nO diretor informou ainda, que segundo moradores da localidade o homem realiza pequenos furtos. \nOs registros foram utilizados para fazer o boletim de ocorr\u00eancia. \nV\u00eddeos mais assistidos do g1 Para\u00edba  ","protected":false},"excerpt":{"rendered":"<p>    Uma das c\u00e2meras foi levada, mas conseguiu registrar o rosto do homem antes de ser danificada e a filmagem ser interrompida. Homem invade Associa\u00e7\u00e3o e c\u00e2mera de seguran\u00e7a registra roubo, em Jo\u00e3o Pessoa<br \/>\nA Associa\u00e7\u00e3o Integrada M\u00e3es de Autistas (IMA) f&#8230;<\/p>\n","protected":false},"author":2,"featured_media":0,"comment_status":"closed","ping_status":"closed","sticky":false,"template":"","format":"standard","meta":{"advgb_blocks_editor_width":"","advgb_blocks_columns_visual_guide":"","footnotes":""},"categories":[34],"tags":[35],"class_list":["post-10018","post","type-post","status-publish","format-standard","hentry","category-g1","tag-g1"],"author_meta":{"display_name":"g1 &gt; Para\u00edba","author_link":"https:\/\/sindaopcpb.org.br\/author\/g1-paraiba\/"},"featured_img":null,"coauthors":[],"tax_additional":{"categories":{"linked":["<a href=\"https:\/\/sindaopcpb.org.br\/g1\/\" class=\"advgb-post-tax-term\">G1<\/a>"],"unlinked":["<span class=\"advgb-post-tax-term\">G1<\/span>"]},"tags":{"linked":["<a href=\"https:\/\/sindaopcpb.org.br\/g1\/\" class=\"advgb-post-tax-term\">g1<\/a>"],"unlinked":["<span class=\"advgb-post-tax-term\">g1<\/span>"]}},"comment_count":"0","relative_dates":{"created":"Publicado 3 anos atr\u00e1s","modified":"Atualizado 3 anos atr\u00e1s"},"absolute_dates":{"created":"Publicado em 14 de fevereiro de 2023","modified":"Atualizado em 14 de fevereiro de 2023"},"absolute_dates_time":{"created":"Publicado em 14 de fevereiro de 2023 15:28","modified":"Atualizado em 14 de fevereiro de 2023 15:28"},"featured_img_caption":"","series_order":"","_links":{"self":[{"href":"https:\/\/sindaopcpb.org.br\/index.php\/wp-json\/wp\/v2\/posts\/10018","targetHints":{"allow":["GET"]}}],"collection":[{"href":"https:\/\/sindaopcpb.org.br\/index.php\/wp-json\/wp\/v2\/posts"}],"about":[{"href":"https:\/\/sindaopcpb.org.br\/index.php\/wp-json\/wp\/v2\/types\/post"}],"author":[{"embeddable":true,"href":"https:\/\/sindaopcpb.org.br\/index.php\/wp-json\/wp\/v2\/users\/2"}],"replies":[{"embeddable":true,"href":"https:\/\/sindaopcpb.org.br\/index.php\/wp-json\/wp\/v2\/comments?post=10018"}],"version-history":[{"count":1,"href":"https:\/\/sindaopcpb.org.br\/index.php\/wp-json\/wp\/v2\/posts\/10018\/revisions"}],"predecessor-version":[{"id":10019,"href":"https:\/\/sindaopcpb.org.br\/index.php\/wp-json\/wp\/v2\/posts\/10018\/revisions\/10019"}],"wp:attachment":[{"href":"https:\/\/sindaopcpb.org.br\/index.php\/wp-json\/wp\/v2\/media?parent=10018"}],"wp:term":[{"taxonomy":"category","embeddable":true,"href":"https:\/\/sindaopcpb.org.br\/index.php\/wp-json\/wp\/v2\/categories?post=10018"},{"taxonomy":"post_tag","embeddable":true,"href":"https:\/\/sindaopcpb.org.br\/index.php\/wp-json\/wp\/v2\/tags?post=10018"}],"curies":[{"name":"wp","href":"https:\/\/api.w.org\/{rel}","templated":true}]}}