{"id":10010,"date":"2023-02-14T13:30:04","date_gmt":"2023-02-14T16:30:04","guid":{"rendered":"https:\/\/g1.globo.com\/pb\/paraiba\/noticia\/2023\/02\/14\/homem-se-equilibra-no-teto-de-um-onibus-em-movimento-em-joao-pessoa-video.ghtml"},"modified":"2023-02-14T13:30:04","modified_gmt":"2023-02-14T16:30:04","slug":"homem-se-equilibra-no-teto-de-um-onibus-em-movimento-em-joao-pessoa-video","status":"publish","type":"post","link":"https:\/\/sindaopcpb.org.br\/index.php\/2023\/02\/14\/homem-se-equilibra-no-teto-de-um-onibus-em-movimento-em-joao-pessoa-video\/","title":{"rendered":"Homem se equilibra no teto de um \u00f4nibus em movimento, em Jo\u00e3o Pessoa; v\u00eddeo"},"content":{"rendered":"   <img src=\"https:\/\/s2.glbimg.com\/0QroMU9gC3LVM6Y_8TV4xLBO6u8=\/i.s3.glbimg.com\/v1\/AUTH_59edd422c0c84a879bd37670ae4f538a\/internal_photos\/bs\/2023\/K\/G\/B2cJRNSeuPNx1yEUF9kA\/homem-se-equilibra-em-onibus-.jpg\" \/><br \/>     De acordo com o Sintur-JP, caso aconteceu na madrugada de segunda-feira (13), por volta de 1h30.  Homem se equilibra em teto de \u00f4nibus em movimento\nUm v\u00eddeo que est\u00e1 circulando nas redes sociais mostra um homem se equilibrando em cima de um \u00f4nibus em movimento pelas ruas de Jo\u00e3o Pessoa. De acordo com o Sintur-JP, o caso aconteceu na madrugada de segunda-feira (13), por volta de 1h30. \nHomem se equilibra em teto de \u00f4nibus em movimento, em Jo\u00e3o Pessoa\nReprodu\u00e7\u00e3o\/TV Cabo Branco\nA pessoa aparece usando roupas carnavalescas, por isso, a suspeita \u00e9 de que tenha sido ap\u00f3s o bloco das Virgens de Tamba\u00fa que desfilou na noite do domingo (12). Segundo o Sintur, assim que o motorista percebeu, estacionou o ve\u00edculo e pediu que o homem descesse. \nAl\u00e9m do risco que a pessoa se exp\u00f4s ao subir em um \u00f4nibus em movimento, o al\u00e7ap\u00e3o do ve\u00edculo foi danificado. A empresa respons\u00e1vel pelo transporte p\u00fablico de Jo\u00e3o Pessoa ressalta que se projetar ou se pendurar nos \u00f4nibus \u00e9 \"terminantemente proibido\". \nV\u00eddeos mais assistidos do g1 Para\u00edba  ","protected":false},"excerpt":{"rendered":"<p>        De acordo com o Sintur-JP, caso aconteceu na madrugada de segunda-feira (13), por volta de 1h30.  Homem se equilibra em teto de \u00f4nibus em movimento<br \/>\nUm v\u00eddeo que est\u00e1 circulando nas redes sociais mostra um homem se equilibrando em cima de um \u00f4ni&#8230;<\/p>\n","protected":false},"author":2,"featured_media":0,"comment_status":"closed","ping_status":"closed","sticky":false,"template":"","format":"standard","meta":{"advgb_blocks_editor_width":"","advgb_blocks_columns_visual_guide":"","footnotes":""},"categories":[34],"tags":[35],"class_list":["post-10010","post","type-post","status-publish","format-standard","hentry","category-g1","tag-g1"],"author_meta":{"display_name":"g1 &gt; Para\u00edba","author_link":"https:\/\/sindaopcpb.org.br\/author\/g1-paraiba\/"},"featured_img":null,"coauthors":[],"tax_additional":{"categories":{"linked":["<a href=\"https:\/\/sindaopcpb.org.br\/g1\/\" class=\"advgb-post-tax-term\">G1<\/a>"],"unlinked":["<span class=\"advgb-post-tax-term\">G1<\/span>"]},"tags":{"linked":["<a href=\"https:\/\/sindaopcpb.org.br\/g1\/\" class=\"advgb-post-tax-term\">g1<\/a>"],"unlinked":["<span class=\"advgb-post-tax-term\">g1<\/span>"]}},"comment_count":"0","relative_dates":{"created":"Publicado 3 anos atr\u00e1s","modified":"Atualizado 3 anos atr\u00e1s"},"absolute_dates":{"created":"Publicado em 14 de fevereiro de 2023","modified":"Atualizado em 14 de fevereiro de 2023"},"absolute_dates_time":{"created":"Publicado em 14 de fevereiro de 2023 13:30","modified":"Atualizado em 14 de fevereiro de 2023 13:30"},"featured_img_caption":"","series_order":"","_links":{"self":[{"href":"https:\/\/sindaopcpb.org.br\/index.php\/wp-json\/wp\/v2\/posts\/10010","targetHints":{"allow":["GET"]}}],"collection":[{"href":"https:\/\/sindaopcpb.org.br\/index.php\/wp-json\/wp\/v2\/posts"}],"about":[{"href":"https:\/\/sindaopcpb.org.br\/index.php\/wp-json\/wp\/v2\/types\/post"}],"author":[{"embeddable":true,"href":"https:\/\/sindaopcpb.org.br\/index.php\/wp-json\/wp\/v2\/users\/2"}],"replies":[{"embeddable":true,"href":"https:\/\/sindaopcpb.org.br\/index.php\/wp-json\/wp\/v2\/comments?post=10010"}],"version-history":[{"count":1,"href":"https:\/\/sindaopcpb.org.br\/index.php\/wp-json\/wp\/v2\/posts\/10010\/revisions"}],"predecessor-version":[{"id":10011,"href":"https:\/\/sindaopcpb.org.br\/index.php\/wp-json\/wp\/v2\/posts\/10010\/revisions\/10011"}],"wp:attachment":[{"href":"https:\/\/sindaopcpb.org.br\/index.php\/wp-json\/wp\/v2\/media?parent=10010"}],"wp:term":[{"taxonomy":"category","embeddable":true,"href":"https:\/\/sindaopcpb.org.br\/index.php\/wp-json\/wp\/v2\/categories?post=10010"},{"taxonomy":"post_tag","embeddable":true,"href":"https:\/\/sindaopcpb.org.br\/index.php\/wp-json\/wp\/v2\/tags?post=10010"}],"curies":[{"name":"wp","href":"https:\/\/api.w.org\/{rel}","templated":true}]}}