{"id":10000,"date":"2023-02-14T12:35:57","date_gmt":"2023-02-14T15:35:57","guid":{"rendered":"https:\/\/g1.globo.com\/pb\/paraiba\/noticia\/2023\/02\/14\/profissionais-de-enfermagem-protestam-pelo-pagamento-do-piso-salarial-nacional-em-joao-pessoa.ghtml"},"modified":"2023-02-14T12:35:57","modified_gmt":"2023-02-14T15:35:57","slug":"profissionais-de-enfermagem-protestam-pelo-pagamento-do-piso-salarial-nacional-em-joao-pessoa","status":"publish","type":"post","link":"https:\/\/sindaopcpb.org.br\/index.php\/2023\/02\/14\/profissionais-de-enfermagem-protestam-pelo-pagamento-do-piso-salarial-nacional-em-joao-pessoa\/","title":{"rendered":"Profissionais de enfermagem protestam pelo pagamento do piso salarial nacional em Jo\u00e3o Pessoa"},"content":{"rendered":"   <img src=\"https:\/\/s2.glbimg.com\/YvWDbgkzciiWHHi39lKQFqklUtA=\/i.s3.glbimg.com\/v1\/AUTH_59edd422c0c84a879bd37670ae4f538a\/internal_photos\/bs\/2023\/1\/m\/Gbqwy1RjmxktDvByXQxQ\/protesto-enfermeiros-joao-pessoa.jpg\" \/><br \/>     Profissionais se concentraram em frente a C\u00e2mara Municipal de Jo\u00e3o Pessoa e devem seguir para a Assembleia Legislativa da Para\u00edba (ALPB). Enfermeiros protestam contra veto ao pagamento do piso salarial na C\u00e2mara Municipal de Jo\u00e3o Pessoa\nYanka Oliveira\/TV Cabo Branco\nProfissionais de enfermagem est\u00e3o protestando contra o veto ao pagamento do piso salarial por parte da Prefeitura Municipal de Jo\u00e3o Pessoa, nesta ter\u00e7a-feira (14). Os profissionais se concentraram em frente a C\u00e2mara Municipal de Jo\u00e3o Pessoa e devem seguir para a Assembleia Legislativa da Para\u00edba (ALPB).\nSegundo os profissionais, eles protestam contra o veto do prefeito de Jo\u00e3o Pessoa, C\u00edcera Lucena, ao pagamento do piso salarial dos enfermeiros do Munic\u00edpio. Em sess\u00e3o realizada nesta ter\u00e7a-feira (14) os vereadores da capital paraibana votaram contra a derrubada do veto.\nO enfermeiros e t\u00e9cnicos de enfermagem reivindicam pelo pagamento do piso a todos os profissionais da enfermagem, e n\u00e3o apenas ao servidores efetivos, como passou a ser executado pelo governador Jo\u00e3o Azev\u00eado (PSB).\nOs profissionais iniciaram o protesto por volta das 8h, na Pra\u00e7a da Independ\u00eancia, e seguiram at\u00e9 a  Pra\u00e7a dos Tr\u00eas Poderes. De l\u00e1, eles seguiram para a C\u00e2mara Municipal de Jo\u00e3o Pessoa e devem ir durante a tarde para a sede da Assembleia Legislativa da Para\u00edba (ALPB).\n\"Estamos tendo que lutar pelo que j\u00e1 \u00e9 nosso por direito, que \u00e9 nosso piso salarial. Na Para\u00edba o piso est\u00e1 sendo pago a apenas uma parte dos profissionais de enfermagem. N\u00f3s estamos aqui pra dizer que a enfermagem n\u00e3o pode ser segregada\", disse a presidente do Conselho Regional de Enfermagem da Para\u00edba (Coren-PB), Rayra Beserra. \nDurante a manifesta\u00e7\u00e3o o presidente da C\u00e2mara, vereador Dinho (Avante), amea\u00e7ou expulsar os profissionais de enfermagem alegando risco \u00e0 estrutura f\u00edsica do plen\u00e1rio.\nA proposta aprovada pelo Congresso Nacional em 2022 estabelece que o valor m\u00ednimo inicial para os enfermeiros ser\u00e1 de R$ 4.750.\nA Secretaria de Sa\u00fade de Jo\u00e3o Pessoa esclareceu em nota que os atendimentos na rede municipal de sa\u00fade n\u00e3o foram prejudicados devido ao protesto da enfermagem. Quanto ao pagamento do piso para a categoria, a SMS refor\u00e7ou que segue aguardando a defini\u00e7\u00e3o do Governo Federal sobre a fonte de custeio.\nV\u00eddeos mais assistidos do g1 Para\u00edba  ","protected":false},"excerpt":{"rendered":"<p>        Profissionais se concentraram em frente a C\u00e2mara Municipal de Jo\u00e3o Pessoa e devem seguir para a Assembleia Legislativa da Para\u00edba (ALPB). Enfermeiros protestam contra veto ao pagamento do piso salarial na C\u00e2mara Municipal de Jo\u00e3o Pessoa<br \/>\nYanka O&#8230;<\/p>\n","protected":false},"author":2,"featured_media":0,"comment_status":"closed","ping_status":"closed","sticky":false,"template":"","format":"standard","meta":{"advgb_blocks_editor_width":"","advgb_blocks_columns_visual_guide":"","footnotes":""},"categories":[34],"tags":[35],"class_list":["post-10000","post","type-post","status-publish","format-standard","hentry","category-g1","tag-g1"],"author_meta":{"display_name":"g1 &gt; Para\u00edba","author_link":"https:\/\/sindaopcpb.org.br\/author\/g1-paraiba\/"},"featured_img":null,"coauthors":[],"tax_additional":{"categories":{"linked":["<a href=\"https:\/\/sindaopcpb.org.br\/g1\/\" class=\"advgb-post-tax-term\">G1<\/a>"],"unlinked":["<span class=\"advgb-post-tax-term\">G1<\/span>"]},"tags":{"linked":["<a href=\"https:\/\/sindaopcpb.org.br\/g1\/\" class=\"advgb-post-tax-term\">g1<\/a>"],"unlinked":["<span class=\"advgb-post-tax-term\">g1<\/span>"]}},"comment_count":"0","relative_dates":{"created":"Publicado 3 anos atr\u00e1s","modified":"Atualizado 3 anos atr\u00e1s"},"absolute_dates":{"created":"Publicado em 14 de fevereiro de 2023","modified":"Atualizado em 14 de fevereiro de 2023"},"absolute_dates_time":{"created":"Publicado em 14 de fevereiro de 2023 12:35","modified":"Atualizado em 14 de fevereiro de 2023 12:35"},"featured_img_caption":"","series_order":"","_links":{"self":[{"href":"https:\/\/sindaopcpb.org.br\/index.php\/wp-json\/wp\/v2\/posts\/10000","targetHints":{"allow":["GET"]}}],"collection":[{"href":"https:\/\/sindaopcpb.org.br\/index.php\/wp-json\/wp\/v2\/posts"}],"about":[{"href":"https:\/\/sindaopcpb.org.br\/index.php\/wp-json\/wp\/v2\/types\/post"}],"author":[{"embeddable":true,"href":"https:\/\/sindaopcpb.org.br\/index.php\/wp-json\/wp\/v2\/users\/2"}],"replies":[{"embeddable":true,"href":"https:\/\/sindaopcpb.org.br\/index.php\/wp-json\/wp\/v2\/comments?post=10000"}],"version-history":[{"count":1,"href":"https:\/\/sindaopcpb.org.br\/index.php\/wp-json\/wp\/v2\/posts\/10000\/revisions"}],"predecessor-version":[{"id":10001,"href":"https:\/\/sindaopcpb.org.br\/index.php\/wp-json\/wp\/v2\/posts\/10000\/revisions\/10001"}],"wp:attachment":[{"href":"https:\/\/sindaopcpb.org.br\/index.php\/wp-json\/wp\/v2\/media?parent=10000"}],"wp:term":[{"taxonomy":"category","embeddable":true,"href":"https:\/\/sindaopcpb.org.br\/index.php\/wp-json\/wp\/v2\/categories?post=10000"},{"taxonomy":"post_tag","embeddable":true,"href":"https:\/\/sindaopcpb.org.br\/index.php\/wp-json\/wp\/v2\/tags?post=10000"}],"curies":[{"name":"wp","href":"https:\/\/api.w.org\/{rel}","templated":true}]}}